{"id":997,"date":"2016-05-21T20:47:53","date_gmt":"2016-05-21T20:47:53","guid":{"rendered":"https:\/\/larrs.cl\/sitio\/?p=997"},"modified":"2018-08-11T21:59:18","modified_gmt":"2018-08-11T21:59:18","slug":"larrs-analizara-la-incidencia-de-las-modificaciones-del-cauce-del-rio-andalien-en-los-procesos-de-inundacion-fluvial","status":"publish","type":"post","link":"https:\/\/larrs.cl\/sitio\/larrs-analizara-la-incidencia-de-las-modificaciones-del-cauce-del-rio-andalien-en-los-procesos-de-inundacion-fluvial\/","title":{"rendered":"LARRS analizar\u00e1 la incidencia de las modificaciones del cauce del r\u00edo Andali\u00e9n en los procesos de inundaci\u00f3n fluvial."},"content":{"rendered":"<p style=\"text-align: justify;\">En el marco del proyecto <strong>FONDECYT 11150424<\/strong> \u201cEfectos de las modificaciones de cauces fluviales y cambios de uso del suelo en la generaci\u00f3n de inundaciones fluviales en una cuenca costera mediterr\u00e1nea de Chile centro-sur\u201d, se llev\u00f3 a cabo la primera campa\u00f1a de monitoreo de los cambios f\u00edsicos recientes en la secci\u00f3n inferior del r\u00edo Andali\u00e9n. La actividad se enmarca en el primer\u00a0 objetivo\u00a0 espec\u00edfico del proyecto, relacionado con \u201cDeterminar la incidencia de las modificaciones del cauce recientes (2014-2016) sobre la intrusi\u00f3n de la marea din\u00e1mica y de salinidad y sus efectos sobre las inundaciones\u201d<\/p>\n","protected":false},"excerpt":{"rendered":"<p>En el marco del proyecto FONDECYT 11150424 \u201cEfectos de las modificaciones de cauces fluviales y cambios de uso del suelo en la generaci\u00f3n de inundaciones fluviales en una cuenca costera mediterr\u00e1nea de Chile centro-sur\u201d, se llev\u00f3 a cabo la primera campa\u00f1a de monitoreo de los cambios f\u00edsicos recientes en la secci\u00f3n inferior del r\u00edo Andali\u00e9n. &#8230;<\/p>\n","protected":false},"author":1,"featured_media":998,"comment_status":"closed","ping_status":"closed","sticky":false,"template":"","format":"standard","meta":{"footnotes":"","_links_to":"","_links_to_target":""},"categories":[26],"tags":[],"class_list":["post-997","post","type-post","status-publish","format-standard","has-post-thumbnail","hentry","category-noticias"],"yoast_head":"<!-- This site is optimized with the Yoast SEO plugin v27.5 - https:\/\/yoast.com\/product\/yoast-seo-wordpress\/ -->\n<title>LARRS analizar\u00e1 la incidencia de las modificaciones del cauce del r\u00edo Andali\u00e9n en los procesos de inundaci\u00f3n fluvial. - LARRS<\/title>\n<meta name=\"robots\" content=\"index, follow, max-snippet:-1, max-image-preview:large, max-video-preview:-1\" \/>\n<link rel=\"canonical\" href=\"https:\/\/larrs.cl\/sitio\/larrs-analizara-la-incidencia-de-las-modificaciones-del-cauce-del-rio-andalien-en-los-procesos-de-inundacion-fluvial\/\" \/>\n<meta property=\"og:locale\" content=\"es_ES\" \/>\n<meta property=\"og:type\" content=\"article\" \/>\n<meta property=\"og:title\" content=\"LARRS analizar\u00e1 la incidencia de las modificaciones del cauce del r\u00edo Andali\u00e9n en los procesos de inundaci\u00f3n fluvial. - LARRS\" \/>\n<meta property=\"og:description\" content=\"En el marco del proyecto FONDECYT 11150424 \u201cEfectos de las modificaciones de cauces fluviales y cambios de uso del suelo en la generaci\u00f3n de inundaciones fluviales en una cuenca costera mediterr\u00e1nea de Chile centro-sur\u201d, se llev\u00f3 a cabo la primera campa\u00f1a de monitoreo de los cambios f\u00edsicos recientes en la secci\u00f3n inferior del r\u00edo Andali\u00e9n. ...\" \/>\n<meta property=\"og:url\" content=\"https:\/\/larrs.cl\/sitio\/larrs-analizara-la-incidencia-de-las-modificaciones-del-cauce-del-rio-andalien-en-los-procesos-de-inundacion-fluvial\/\" \/>\n<meta property=\"og:site_name\" content=\"LARRS\" \/>\n<meta property=\"article:published_time\" content=\"2016-05-21T20:47:53+00:00\" \/>\n<meta property=\"article:modified_time\" content=\"2018-08-11T21:59:18+00:00\" \/>\n<meta property=\"og:image\" content=\"https:\/\/larrs.cl\/sitio\/wp-content\/uploads\/2018\/06\/2.jpg\" \/>\n\t<meta property=\"og:image:width\" content=\"578\" \/>\n\t<meta property=\"og:image:height\" content=\"414\" \/>\n\t<meta property=\"og:image:type\" content=\"image\/jpeg\" \/>\n<meta name=\"author\" content=\"admin\" \/>\n<meta name=\"twitter:card\" content=\"summary_large_image\" \/>\n<meta name=\"twitter:label1\" content=\"Escrito por\" \/>\n\t<meta name=\"twitter:data1\" content=\"admin\" \/>\n\t<meta name=\"twitter:label2\" content=\"Tiempo de lectura\" \/>\n\t<meta name=\"twitter:data2\" content=\"1 minuto\" \/>\n<script type=\"application\/ld+json\" class=\"yoast-schema-graph\">{\"@context\":\"https:\\\/\\\/schema.org\",\"@graph\":[{\"@type\":\"Article\",\"@id\":\"https:\\\/\\\/larrs.cl\\\/sitio\\\/larrs-analizara-la-incidencia-de-las-modificaciones-del-cauce-del-rio-andalien-en-los-procesos-de-inundacion-fluvial\\\/#article\",\"isPartOf\":{\"@id\":\"https:\\\/\\\/larrs.cl\\\/sitio\\\/larrs-analizara-la-incidencia-de-las-modificaciones-del-cauce-del-rio-andalien-en-los-procesos-de-inundacion-fluvial\\\/\"},\"author\":{\"name\":\"admin\",\"@id\":\"https:\\\/\\\/larrs.cl\\\/sitio\\\/#\\\/schema\\\/person\\\/837b08b7675ec5b986c78e507a9d7eab\"},\"headline\":\"LARRS analizar\u00e1 la incidencia de las modificaciones del cauce del r\u00edo Andali\u00e9n en los procesos de inundaci\u00f3n fluvial.\",\"datePublished\":\"2016-05-21T20:47:53+00:00\",\"dateModified\":\"2018-08-11T21:59:18+00:00\",\"mainEntityOfPage\":{\"@id\":\"https:\\\/\\\/larrs.cl\\\/sitio\\\/larrs-analizara-la-incidencia-de-las-modificaciones-del-cauce-del-rio-andalien-en-los-procesos-de-inundacion-fluvial\\\/\"},\"wordCount\":124,\"image\":{\"@id\":\"https:\\\/\\\/larrs.cl\\\/sitio\\\/larrs-analizara-la-incidencia-de-las-modificaciones-del-cauce-del-rio-andalien-en-los-procesos-de-inundacion-fluvial\\\/#primaryimage\"},\"thumbnailUrl\":\"https:\\\/\\\/larrs.cl\\\/sitio\\\/wp-content\\\/uploads\\\/2018\\\/06\\\/2.jpg\",\"articleSection\":[\"Noticias\"],\"inLanguage\":\"es\"},{\"@type\":\"WebPage\",\"@id\":\"https:\\\/\\\/larrs.cl\\\/sitio\\\/larrs-analizara-la-incidencia-de-las-modificaciones-del-cauce-del-rio-andalien-en-los-procesos-de-inundacion-fluvial\\\/\",\"url\":\"https:\\\/\\\/larrs.cl\\\/sitio\\\/larrs-analizara-la-incidencia-de-las-modificaciones-del-cauce-del-rio-andalien-en-los-procesos-de-inundacion-fluvial\\\/\",\"name\":\"LARRS analizar\u00e1 la incidencia de las modificaciones del cauce del r\u00edo Andali\u00e9n en los procesos de inundaci\u00f3n fluvial. - LARRS\",\"isPartOf\":{\"@id\":\"https:\\\/\\\/larrs.cl\\\/sitio\\\/#website\"},\"primaryImageOfPage\":{\"@id\":\"https:\\\/\\\/larrs.cl\\\/sitio\\\/larrs-analizara-la-incidencia-de-las-modificaciones-del-cauce-del-rio-andalien-en-los-procesos-de-inundacion-fluvial\\\/#primaryimage\"},\"image\":{\"@id\":\"https:\\\/\\\/larrs.cl\\\/sitio\\\/larrs-analizara-la-incidencia-de-las-modificaciones-del-cauce-del-rio-andalien-en-los-procesos-de-inundacion-fluvial\\\/#primaryimage\"},\"thumbnailUrl\":\"https:\\\/\\\/larrs.cl\\\/sitio\\\/wp-content\\\/uploads\\\/2018\\\/06\\\/2.jpg\",\"datePublished\":\"2016-05-21T20:47:53+00:00\",\"dateModified\":\"2018-08-11T21:59:18+00:00\",\"author\":{\"@id\":\"https:\\\/\\\/larrs.cl\\\/sitio\\\/#\\\/schema\\\/person\\\/837b08b7675ec5b986c78e507a9d7eab\"},\"breadcrumb\":{\"@id\":\"https:\\\/\\\/larrs.cl\\\/sitio\\\/larrs-analizara-la-incidencia-de-las-modificaciones-del-cauce-del-rio-andalien-en-los-procesos-de-inundacion-fluvial\\\/#breadcrumb\"},\"inLanguage\":\"es\",\"potentialAction\":[{\"@type\":\"ReadAction\",\"target\":[\"https:\\\/\\\/larrs.cl\\\/sitio\\\/larrs-analizara-la-incidencia-de-las-modificaciones-del-cauce-del-rio-andalien-en-los-procesos-de-inundacion-fluvial\\\/\"]}]},{\"@type\":\"ImageObject\",\"inLanguage\":\"es\",\"@id\":\"https:\\\/\\\/larrs.cl\\\/sitio\\\/larrs-analizara-la-incidencia-de-las-modificaciones-del-cauce-del-rio-andalien-en-los-procesos-de-inundacion-fluvial\\\/#primaryimage\",\"url\":\"https:\\\/\\\/larrs.cl\\\/sitio\\\/wp-content\\\/uploads\\\/2018\\\/06\\\/2.jpg\",\"contentUrl\":\"https:\\\/\\\/larrs.cl\\\/sitio\\\/wp-content\\\/uploads\\\/2018\\\/06\\\/2.jpg\",\"width\":578,\"height\":414},{\"@type\":\"BreadcrumbList\",\"@id\":\"https:\\\/\\\/larrs.cl\\\/sitio\\\/larrs-analizara-la-incidencia-de-las-modificaciones-del-cauce-del-rio-andalien-en-los-procesos-de-inundacion-fluvial\\\/#breadcrumb\",\"itemListElement\":[{\"@type\":\"ListItem\",\"position\":1,\"name\":\"Portada\",\"item\":\"https:\\\/\\\/larrs.cl\\\/sitio\\\/\"},{\"@type\":\"ListItem\",\"position\":2,\"name\":\"LARRS analizar\u00e1 la incidencia de las modificaciones del cauce del r\u00edo Andali\u00e9n en los procesos de inundaci\u00f3n fluvial.\"}]},{\"@type\":\"WebSite\",\"@id\":\"https:\\\/\\\/larrs.cl\\\/sitio\\\/#website\",\"url\":\"https:\\\/\\\/larrs.cl\\\/sitio\\\/\",\"name\":\"LARRS\",\"description\":\"Reducci\u00f3n de riesgos socionaturales\",\"potentialAction\":[{\"@type\":\"SearchAction\",\"target\":{\"@type\":\"EntryPoint\",\"urlTemplate\":\"https:\\\/\\\/larrs.cl\\\/sitio\\\/?s={search_term_string}\"},\"query-input\":{\"@type\":\"PropertyValueSpecification\",\"valueRequired\":true,\"valueName\":\"search_term_string\"}}],\"inLanguage\":\"es\"},{\"@type\":\"Person\",\"@id\":\"https:\\\/\\\/larrs.cl\\\/sitio\\\/#\\\/schema\\\/person\\\/837b08b7675ec5b986c78e507a9d7eab\",\"name\":\"admin\",\"image\":{\"@type\":\"ImageObject\",\"inLanguage\":\"es\",\"@id\":\"https:\\\/\\\/secure.gravatar.com\\\/avatar\\\/c9dde314e3c67ff341ce287da192e368ecf364bedf96023a05d2e0996863f767?s=96&d=mm&r=g\",\"url\":\"https:\\\/\\\/secure.gravatar.com\\\/avatar\\\/c9dde314e3c67ff341ce287da192e368ecf364bedf96023a05d2e0996863f767?s=96&d=mm&r=g\",\"contentUrl\":\"https:\\\/\\\/secure.gravatar.com\\\/avatar\\\/c9dde314e3c67ff341ce287da192e368ecf364bedf96023a05d2e0996863f767?s=96&d=mm&r=g\",\"caption\":\"admin\"},\"url\":\"https:\\\/\\\/larrs.cl\\\/sitio\\\/author\\\/admin\\\/\"}]}<\/script>\n<!-- \/ Yoast SEO plugin. -->","yoast_head_json":{"title":"LARRS analizar\u00e1 la incidencia de las modificaciones del cauce del r\u00edo Andali\u00e9n en los procesos de inundaci\u00f3n fluvial. - LARRS","robots":{"index":"index","follow":"follow","max-snippet":"max-snippet:-1","max-image-preview":"max-image-preview:large","max-video-preview":"max-video-preview:-1"},"canonical":"https:\/\/larrs.cl\/sitio\/larrs-analizara-la-incidencia-de-las-modificaciones-del-cauce-del-rio-andalien-en-los-procesos-de-inundacion-fluvial\/","og_locale":"es_ES","og_type":"article","og_title":"LARRS analizar\u00e1 la incidencia de las modificaciones del cauce del r\u00edo Andali\u00e9n en los procesos de inundaci\u00f3n fluvial. - LARRS","og_description":"En el marco del proyecto FONDECYT 11150424 \u201cEfectos de las modificaciones de cauces fluviales y cambios de uso del suelo en la generaci\u00f3n de inundaciones fluviales en una cuenca costera mediterr\u00e1nea de Chile centro-sur\u201d, se llev\u00f3 a cabo la primera campa\u00f1a de monitoreo de los cambios f\u00edsicos recientes en la secci\u00f3n inferior del r\u00edo Andali\u00e9n. ...","og_url":"https:\/\/larrs.cl\/sitio\/larrs-analizara-la-incidencia-de-las-modificaciones-del-cauce-del-rio-andalien-en-los-procesos-de-inundacion-fluvial\/","og_site_name":"LARRS","article_published_time":"2016-05-21T20:47:53+00:00","article_modified_time":"2018-08-11T21:59:18+00:00","og_image":[{"width":578,"height":414,"url":"https:\/\/larrs.cl\/sitio\/wp-content\/uploads\/2018\/06\/2.jpg","type":"image\/jpeg"}],"author":"admin","twitter_card":"summary_large_image","twitter_misc":{"Escrito por":"admin","Tiempo de lectura":"1 minuto"},"schema":{"@context":"https:\/\/schema.org","@graph":[{"@type":"Article","@id":"https:\/\/larrs.cl\/sitio\/larrs-analizara-la-incidencia-de-las-modificaciones-del-cauce-del-rio-andalien-en-los-procesos-de-inundacion-fluvial\/#article","isPartOf":{"@id":"https:\/\/larrs.cl\/sitio\/larrs-analizara-la-incidencia-de-las-modificaciones-del-cauce-del-rio-andalien-en-los-procesos-de-inundacion-fluvial\/"},"author":{"name":"admin","@id":"https:\/\/larrs.cl\/sitio\/#\/schema\/person\/837b08b7675ec5b986c78e507a9d7eab"},"headline":"LARRS analizar\u00e1 la incidencia de las modificaciones del cauce del r\u00edo Andali\u00e9n en los procesos de inundaci\u00f3n fluvial.","datePublished":"2016-05-21T20:47:53+00:00","dateModified":"2018-08-11T21:59:18+00:00","mainEntityOfPage":{"@id":"https:\/\/larrs.cl\/sitio\/larrs-analizara-la-incidencia-de-las-modificaciones-del-cauce-del-rio-andalien-en-los-procesos-de-inundacion-fluvial\/"},"wordCount":124,"image":{"@id":"https:\/\/larrs.cl\/sitio\/larrs-analizara-la-incidencia-de-las-modificaciones-del-cauce-del-rio-andalien-en-los-procesos-de-inundacion-fluvial\/#primaryimage"},"thumbnailUrl":"https:\/\/larrs.cl\/sitio\/wp-content\/uploads\/2018\/06\/2.jpg","articleSection":["Noticias"],"inLanguage":"es"},{"@type":"WebPage","@id":"https:\/\/larrs.cl\/sitio\/larrs-analizara-la-incidencia-de-las-modificaciones-del-cauce-del-rio-andalien-en-los-procesos-de-inundacion-fluvial\/","url":"https:\/\/larrs.cl\/sitio\/larrs-analizara-la-incidencia-de-las-modificaciones-del-cauce-del-rio-andalien-en-los-procesos-de-inundacion-fluvial\/","name":"LARRS analizar\u00e1 la incidencia de las modificaciones del cauce del r\u00edo Andali\u00e9n en los procesos de inundaci\u00f3n fluvial. - LARRS","isPartOf":{"@id":"https:\/\/larrs.cl\/sitio\/#website"},"primaryImageOfPage":{"@id":"https:\/\/larrs.cl\/sitio\/larrs-analizara-la-incidencia-de-las-modificaciones-del-cauce-del-rio-andalien-en-los-procesos-de-inundacion-fluvial\/#primaryimage"},"image":{"@id":"https:\/\/larrs.cl\/sitio\/larrs-analizara-la-incidencia-de-las-modificaciones-del-cauce-del-rio-andalien-en-los-procesos-de-inundacion-fluvial\/#primaryimage"},"thumbnailUrl":"https:\/\/larrs.cl\/sitio\/wp-content\/uploads\/2018\/06\/2.jpg","datePublished":"2016-05-21T20:47:53+00:00","dateModified":"2018-08-11T21:59:18+00:00","author":{"@id":"https:\/\/larrs.cl\/sitio\/#\/schema\/person\/837b08b7675ec5b986c78e507a9d7eab"},"breadcrumb":{"@id":"https:\/\/larrs.cl\/sitio\/larrs-analizara-la-incidencia-de-las-modificaciones-del-cauce-del-rio-andalien-en-los-procesos-de-inundacion-fluvial\/#breadcrumb"},"inLanguage":"es","potentialAction":[{"@type":"ReadAction","target":["https:\/\/larrs.cl\/sitio\/larrs-analizara-la-incidencia-de-las-modificaciones-del-cauce-del-rio-andalien-en-los-procesos-de-inundacion-fluvial\/"]}]},{"@type":"ImageObject","inLanguage":"es","@id":"https:\/\/larrs.cl\/sitio\/larrs-analizara-la-incidencia-de-las-modificaciones-del-cauce-del-rio-andalien-en-los-procesos-de-inundacion-fluvial\/#primaryimage","url":"https:\/\/larrs.cl\/sitio\/wp-content\/uploads\/2018\/06\/2.jpg","contentUrl":"https:\/\/larrs.cl\/sitio\/wp-content\/uploads\/2018\/06\/2.jpg","width":578,"height":414},{"@type":"BreadcrumbList","@id":"https:\/\/larrs.cl\/sitio\/larrs-analizara-la-incidencia-de-las-modificaciones-del-cauce-del-rio-andalien-en-los-procesos-de-inundacion-fluvial\/#breadcrumb","itemListElement":[{"@type":"ListItem","position":1,"name":"Portada","item":"https:\/\/larrs.cl\/sitio\/"},{"@type":"ListItem","position":2,"name":"LARRS analizar\u00e1 la incidencia de las modificaciones del cauce del r\u00edo Andali\u00e9n en los procesos de inundaci\u00f3n fluvial."}]},{"@type":"WebSite","@id":"https:\/\/larrs.cl\/sitio\/#website","url":"https:\/\/larrs.cl\/sitio\/","name":"LARRS","description":"Reducci\u00f3n de riesgos socionaturales","potentialAction":[{"@type":"SearchAction","target":{"@type":"EntryPoint","urlTemplate":"https:\/\/larrs.cl\/sitio\/?s={search_term_string}"},"query-input":{"@type":"PropertyValueSpecification","valueRequired":true,"valueName":"search_term_string"}}],"inLanguage":"es"},{"@type":"Person","@id":"https:\/\/larrs.cl\/sitio\/#\/schema\/person\/837b08b7675ec5b986c78e507a9d7eab","name":"admin","image":{"@type":"ImageObject","inLanguage":"es","@id":"https:\/\/secure.gravatar.com\/avatar\/c9dde314e3c67ff341ce287da192e368ecf364bedf96023a05d2e0996863f767?s=96&d=mm&r=g","url":"https:\/\/secure.gravatar.com\/avatar\/c9dde314e3c67ff341ce287da192e368ecf364bedf96023a05d2e0996863f767?s=96&d=mm&r=g","contentUrl":"https:\/\/secure.gravatar.com\/avatar\/c9dde314e3c67ff341ce287da192e368ecf364bedf96023a05d2e0996863f767?s=96&d=mm&r=g","caption":"admin"},"url":"https:\/\/larrs.cl\/sitio\/author\/admin\/"}]}},"_links":{"self":[{"href":"https:\/\/larrs.cl\/sitio\/wp-json\/wp\/v2\/posts\/997","targetHints":{"allow":["GET"]}}],"collection":[{"href":"https:\/\/larrs.cl\/sitio\/wp-json\/wp\/v2\/posts"}],"about":[{"href":"https:\/\/larrs.cl\/sitio\/wp-json\/wp\/v2\/types\/post"}],"author":[{"embeddable":true,"href":"https:\/\/larrs.cl\/sitio\/wp-json\/wp\/v2\/users\/1"}],"replies":[{"embeddable":true,"href":"https:\/\/larrs.cl\/sitio\/wp-json\/wp\/v2\/comments?post=997"}],"version-history":[{"count":1,"href":"https:\/\/larrs.cl\/sitio\/wp-json\/wp\/v2\/posts\/997\/revisions"}],"predecessor-version":[{"id":999,"href":"https:\/\/larrs.cl\/sitio\/wp-json\/wp\/v2\/posts\/997\/revisions\/999"}],"wp:featuredmedia":[{"embeddable":true,"href":"https:\/\/larrs.cl\/sitio\/wp-json\/wp\/v2\/media\/998"}],"wp:attachment":[{"href":"https:\/\/larrs.cl\/sitio\/wp-json\/wp\/v2\/media?parent=997"}],"wp:term":[{"taxonomy":"category","embeddable":true,"href":"https:\/\/larrs.cl\/sitio\/wp-json\/wp\/v2\/categories?post=997"},{"taxonomy":"post_tag","embeddable":true,"href":"https:\/\/larrs.cl\/sitio\/wp-json\/wp\/v2\/tags?post=997"}],"curies":[{"name":"wp","href":"https:\/\/api.w.org\/{rel}","templated":true}]}}