{"id":993,"date":"2016-05-02T20:43:42","date_gmt":"2016-05-02T20:43:42","guid":{"rendered":"https:\/\/larrs.cl\/sitio\/?p=993"},"modified":"2018-08-11T21:59:00","modified_gmt":"2018-08-11T21:59:00","slug":"larrs-finaliza-instalacion-de-red-pluviometrica-en-la-cuenca-del-andalien","status":"publish","type":"post","link":"https:\/\/larrs.cl\/sitio\/larrs-finaliza-instalacion-de-red-pluviometrica-en-la-cuenca-del-andalien\/","title":{"rendered":"LARRS finaliza instalaci\u00f3n de red pluviometrica en la cuenca del Andali\u00e9n"},"content":{"rendered":"<p style=\"text-align: justify;\">En el marco del proyecto <strong>FONDECYT 11150424<\/strong> \u201cEfectos de las modificaciones de cauces fluviales y cambios de uso del suelo en la generaci\u00f3n de inundaciones fluviales en una cuenca costera mediterr\u00e1nea de Chile centro-sur\u201d se concluy\u00f3 la instalaci\u00f3n de 6 estaciones pluviom\u00e9tricas autom\u00e1ticas en la cuenca del r\u00edo Andali\u00e9n, las que registrar\u00e1n los episodios de precipitaci\u00f3n en el per\u00edodo 2016-2018, con la finalidad de analizar el comportamiento hidrol\u00f3gico de la cuenca durante crecidas.<\/p>\n","protected":false},"excerpt":{"rendered":"<p>En el marco del proyecto FONDECYT 11150424 \u201cEfectos de las modificaciones de cauces fluviales y cambios de uso del suelo en la generaci\u00f3n de inundaciones fluviales en una cuenca costera mediterr\u00e1nea de Chile centro-sur\u201d se concluy\u00f3 la instalaci\u00f3n de 6 estaciones pluviom\u00e9tricas autom\u00e1ticas en la cuenca del r\u00edo Andali\u00e9n, las que registrar\u00e1n los episodios de &#8230;<\/p>\n","protected":false},"author":1,"featured_media":996,"comment_status":"closed","ping_status":"closed","sticky":false,"template":"","format":"standard","meta":{"footnotes":"","_links_to":"","_links_to_target":""},"categories":[26],"tags":[],"class_list":["post-993","post","type-post","status-publish","format-standard","has-post-thumbnail","hentry","category-noticias"],"yoast_head":"<!-- This site is optimized with the Yoast SEO plugin v27.5 - https:\/\/yoast.com\/product\/yoast-seo-wordpress\/ -->\n<title>LARRS finaliza instalaci\u00f3n de red pluviometrica en la cuenca del Andali\u00e9n - LARRS<\/title>\n<meta name=\"robots\" content=\"index, follow, max-snippet:-1, max-image-preview:large, max-video-preview:-1\" \/>\n<link rel=\"canonical\" href=\"https:\/\/larrs.cl\/sitio\/larrs-finaliza-instalacion-de-red-pluviometrica-en-la-cuenca-del-andalien\/\" \/>\n<meta property=\"og:locale\" content=\"es_ES\" \/>\n<meta property=\"og:type\" content=\"article\" \/>\n<meta property=\"og:title\" content=\"LARRS finaliza instalaci\u00f3n de red pluviometrica en la cuenca del Andali\u00e9n - LARRS\" \/>\n<meta property=\"og:description\" content=\"En el marco del proyecto FONDECYT 11150424 \u201cEfectos de las modificaciones de cauces fluviales y cambios de uso del suelo en la generaci\u00f3n de inundaciones fluviales en una cuenca costera mediterr\u00e1nea de Chile centro-sur\u201d se concluy\u00f3 la instalaci\u00f3n de 6 estaciones pluviom\u00e9tricas autom\u00e1ticas en la cuenca del r\u00edo Andali\u00e9n, las que registrar\u00e1n los episodios de ...\" \/>\n<meta property=\"og:url\" content=\"https:\/\/larrs.cl\/sitio\/larrs-finaliza-instalacion-de-red-pluviometrica-en-la-cuenca-del-andalien\/\" \/>\n<meta property=\"og:site_name\" content=\"LARRS\" \/>\n<meta property=\"article:published_time\" content=\"2016-05-02T20:43:42+00:00\" \/>\n<meta property=\"article:modified_time\" content=\"2018-08-11T21:59:00+00:00\" \/>\n<meta property=\"og:image\" content=\"https:\/\/larrs.cl\/sitio\/wp-content\/uploads\/2016\/05\/1.jpg\" \/>\n\t<meta property=\"og:image:width\" content=\"538\" \/>\n\t<meta property=\"og:image:height\" content=\"390\" \/>\n\t<meta property=\"og:image:type\" content=\"image\/jpeg\" \/>\n<meta name=\"author\" content=\"admin\" \/>\n<meta name=\"twitter:card\" content=\"summary_large_image\" \/>\n<meta name=\"twitter:label1\" content=\"Escrito por\" \/>\n\t<meta name=\"twitter:data1\" content=\"admin\" \/>\n<script type=\"application\/ld+json\" class=\"yoast-schema-graph\">{\"@context\":\"https:\\\/\\\/schema.org\",\"@graph\":[{\"@type\":\"Article\",\"@id\":\"https:\\\/\\\/larrs.cl\\\/sitio\\\/larrs-finaliza-instalacion-de-red-pluviometrica-en-la-cuenca-del-andalien\\\/#article\",\"isPartOf\":{\"@id\":\"https:\\\/\\\/larrs.cl\\\/sitio\\\/larrs-finaliza-instalacion-de-red-pluviometrica-en-la-cuenca-del-andalien\\\/\"},\"author\":{\"name\":\"admin\",\"@id\":\"https:\\\/\\\/larrs.cl\\\/sitio\\\/#\\\/schema\\\/person\\\/837b08b7675ec5b986c78e507a9d7eab\"},\"headline\":\"LARRS finaliza instalaci\u00f3n de red pluviometrica en la cuenca del Andali\u00e9n\",\"datePublished\":\"2016-05-02T20:43:42+00:00\",\"dateModified\":\"2018-08-11T21:59:00+00:00\",\"mainEntityOfPage\":{\"@id\":\"https:\\\/\\\/larrs.cl\\\/sitio\\\/larrs-finaliza-instalacion-de-red-pluviometrica-en-la-cuenca-del-andalien\\\/\"},\"wordCount\":95,\"image\":{\"@id\":\"https:\\\/\\\/larrs.cl\\\/sitio\\\/larrs-finaliza-instalacion-de-red-pluviometrica-en-la-cuenca-del-andalien\\\/#primaryimage\"},\"thumbnailUrl\":\"https:\\\/\\\/larrs.cl\\\/sitio\\\/wp-content\\\/uploads\\\/2016\\\/05\\\/1.jpg\",\"articleSection\":[\"Noticias\"],\"inLanguage\":\"es\"},{\"@type\":\"WebPage\",\"@id\":\"https:\\\/\\\/larrs.cl\\\/sitio\\\/larrs-finaliza-instalacion-de-red-pluviometrica-en-la-cuenca-del-andalien\\\/\",\"url\":\"https:\\\/\\\/larrs.cl\\\/sitio\\\/larrs-finaliza-instalacion-de-red-pluviometrica-en-la-cuenca-del-andalien\\\/\",\"name\":\"LARRS finaliza instalaci\u00f3n de red pluviometrica en la cuenca del Andali\u00e9n - LARRS\",\"isPartOf\":{\"@id\":\"https:\\\/\\\/larrs.cl\\\/sitio\\\/#website\"},\"primaryImageOfPage\":{\"@id\":\"https:\\\/\\\/larrs.cl\\\/sitio\\\/larrs-finaliza-instalacion-de-red-pluviometrica-en-la-cuenca-del-andalien\\\/#primaryimage\"},\"image\":{\"@id\":\"https:\\\/\\\/larrs.cl\\\/sitio\\\/larrs-finaliza-instalacion-de-red-pluviometrica-en-la-cuenca-del-andalien\\\/#primaryimage\"},\"thumbnailUrl\":\"https:\\\/\\\/larrs.cl\\\/sitio\\\/wp-content\\\/uploads\\\/2016\\\/05\\\/1.jpg\",\"datePublished\":\"2016-05-02T20:43:42+00:00\",\"dateModified\":\"2018-08-11T21:59:00+00:00\",\"author\":{\"@id\":\"https:\\\/\\\/larrs.cl\\\/sitio\\\/#\\\/schema\\\/person\\\/837b08b7675ec5b986c78e507a9d7eab\"},\"breadcrumb\":{\"@id\":\"https:\\\/\\\/larrs.cl\\\/sitio\\\/larrs-finaliza-instalacion-de-red-pluviometrica-en-la-cuenca-del-andalien\\\/#breadcrumb\"},\"inLanguage\":\"es\",\"potentialAction\":[{\"@type\":\"ReadAction\",\"target\":[\"https:\\\/\\\/larrs.cl\\\/sitio\\\/larrs-finaliza-instalacion-de-red-pluviometrica-en-la-cuenca-del-andalien\\\/\"]}]},{\"@type\":\"ImageObject\",\"inLanguage\":\"es\",\"@id\":\"https:\\\/\\\/larrs.cl\\\/sitio\\\/larrs-finaliza-instalacion-de-red-pluviometrica-en-la-cuenca-del-andalien\\\/#primaryimage\",\"url\":\"https:\\\/\\\/larrs.cl\\\/sitio\\\/wp-content\\\/uploads\\\/2016\\\/05\\\/1.jpg\",\"contentUrl\":\"https:\\\/\\\/larrs.cl\\\/sitio\\\/wp-content\\\/uploads\\\/2016\\\/05\\\/1.jpg\",\"width\":538,\"height\":390},{\"@type\":\"BreadcrumbList\",\"@id\":\"https:\\\/\\\/larrs.cl\\\/sitio\\\/larrs-finaliza-instalacion-de-red-pluviometrica-en-la-cuenca-del-andalien\\\/#breadcrumb\",\"itemListElement\":[{\"@type\":\"ListItem\",\"position\":1,\"name\":\"Portada\",\"item\":\"https:\\\/\\\/larrs.cl\\\/sitio\\\/\"},{\"@type\":\"ListItem\",\"position\":2,\"name\":\"LARRS finaliza instalaci\u00f3n de red pluviometrica en la cuenca del Andali\u00e9n\"}]},{\"@type\":\"WebSite\",\"@id\":\"https:\\\/\\\/larrs.cl\\\/sitio\\\/#website\",\"url\":\"https:\\\/\\\/larrs.cl\\\/sitio\\\/\",\"name\":\"LARRS\",\"description\":\"Reducci\u00f3n de riesgos socionaturales\",\"potentialAction\":[{\"@type\":\"SearchAction\",\"target\":{\"@type\":\"EntryPoint\",\"urlTemplate\":\"https:\\\/\\\/larrs.cl\\\/sitio\\\/?s={search_term_string}\"},\"query-input\":{\"@type\":\"PropertyValueSpecification\",\"valueRequired\":true,\"valueName\":\"search_term_string\"}}],\"inLanguage\":\"es\"},{\"@type\":\"Person\",\"@id\":\"https:\\\/\\\/larrs.cl\\\/sitio\\\/#\\\/schema\\\/person\\\/837b08b7675ec5b986c78e507a9d7eab\",\"name\":\"admin\",\"image\":{\"@type\":\"ImageObject\",\"inLanguage\":\"es\",\"@id\":\"https:\\\/\\\/secure.gravatar.com\\\/avatar\\\/c9dde314e3c67ff341ce287da192e368ecf364bedf96023a05d2e0996863f767?s=96&d=mm&r=g\",\"url\":\"https:\\\/\\\/secure.gravatar.com\\\/avatar\\\/c9dde314e3c67ff341ce287da192e368ecf364bedf96023a05d2e0996863f767?s=96&d=mm&r=g\",\"contentUrl\":\"https:\\\/\\\/secure.gravatar.com\\\/avatar\\\/c9dde314e3c67ff341ce287da192e368ecf364bedf96023a05d2e0996863f767?s=96&d=mm&r=g\",\"caption\":\"admin\"},\"url\":\"https:\\\/\\\/larrs.cl\\\/sitio\\\/author\\\/admin\\\/\"}]}<\/script>\n<!-- \/ Yoast SEO plugin. -->","yoast_head_json":{"title":"LARRS finaliza instalaci\u00f3n de red pluviometrica en la cuenca del Andali\u00e9n - LARRS","robots":{"index":"index","follow":"follow","max-snippet":"max-snippet:-1","max-image-preview":"max-image-preview:large","max-video-preview":"max-video-preview:-1"},"canonical":"https:\/\/larrs.cl\/sitio\/larrs-finaliza-instalacion-de-red-pluviometrica-en-la-cuenca-del-andalien\/","og_locale":"es_ES","og_type":"article","og_title":"LARRS finaliza instalaci\u00f3n de red pluviometrica en la cuenca del Andali\u00e9n - LARRS","og_description":"En el marco del proyecto FONDECYT 11150424 \u201cEfectos de las modificaciones de cauces fluviales y cambios de uso del suelo en la generaci\u00f3n de inundaciones fluviales en una cuenca costera mediterr\u00e1nea de Chile centro-sur\u201d se concluy\u00f3 la instalaci\u00f3n de 6 estaciones pluviom\u00e9tricas autom\u00e1ticas en la cuenca del r\u00edo Andali\u00e9n, las que registrar\u00e1n los episodios de ...","og_url":"https:\/\/larrs.cl\/sitio\/larrs-finaliza-instalacion-de-red-pluviometrica-en-la-cuenca-del-andalien\/","og_site_name":"LARRS","article_published_time":"2016-05-02T20:43:42+00:00","article_modified_time":"2018-08-11T21:59:00+00:00","og_image":[{"width":538,"height":390,"url":"https:\/\/larrs.cl\/sitio\/wp-content\/uploads\/2016\/05\/1.jpg","type":"image\/jpeg"}],"author":"admin","twitter_card":"summary_large_image","twitter_misc":{"Escrito por":"admin"},"schema":{"@context":"https:\/\/schema.org","@graph":[{"@type":"Article","@id":"https:\/\/larrs.cl\/sitio\/larrs-finaliza-instalacion-de-red-pluviometrica-en-la-cuenca-del-andalien\/#article","isPartOf":{"@id":"https:\/\/larrs.cl\/sitio\/larrs-finaliza-instalacion-de-red-pluviometrica-en-la-cuenca-del-andalien\/"},"author":{"name":"admin","@id":"https:\/\/larrs.cl\/sitio\/#\/schema\/person\/837b08b7675ec5b986c78e507a9d7eab"},"headline":"LARRS finaliza instalaci\u00f3n de red pluviometrica en la cuenca del Andali\u00e9n","datePublished":"2016-05-02T20:43:42+00:00","dateModified":"2018-08-11T21:59:00+00:00","mainEntityOfPage":{"@id":"https:\/\/larrs.cl\/sitio\/larrs-finaliza-instalacion-de-red-pluviometrica-en-la-cuenca-del-andalien\/"},"wordCount":95,"image":{"@id":"https:\/\/larrs.cl\/sitio\/larrs-finaliza-instalacion-de-red-pluviometrica-en-la-cuenca-del-andalien\/#primaryimage"},"thumbnailUrl":"https:\/\/larrs.cl\/sitio\/wp-content\/uploads\/2016\/05\/1.jpg","articleSection":["Noticias"],"inLanguage":"es"},{"@type":"WebPage","@id":"https:\/\/larrs.cl\/sitio\/larrs-finaliza-instalacion-de-red-pluviometrica-en-la-cuenca-del-andalien\/","url":"https:\/\/larrs.cl\/sitio\/larrs-finaliza-instalacion-de-red-pluviometrica-en-la-cuenca-del-andalien\/","name":"LARRS finaliza instalaci\u00f3n de red pluviometrica en la cuenca del Andali\u00e9n - LARRS","isPartOf":{"@id":"https:\/\/larrs.cl\/sitio\/#website"},"primaryImageOfPage":{"@id":"https:\/\/larrs.cl\/sitio\/larrs-finaliza-instalacion-de-red-pluviometrica-en-la-cuenca-del-andalien\/#primaryimage"},"image":{"@id":"https:\/\/larrs.cl\/sitio\/larrs-finaliza-instalacion-de-red-pluviometrica-en-la-cuenca-del-andalien\/#primaryimage"},"thumbnailUrl":"https:\/\/larrs.cl\/sitio\/wp-content\/uploads\/2016\/05\/1.jpg","datePublished":"2016-05-02T20:43:42+00:00","dateModified":"2018-08-11T21:59:00+00:00","author":{"@id":"https:\/\/larrs.cl\/sitio\/#\/schema\/person\/837b08b7675ec5b986c78e507a9d7eab"},"breadcrumb":{"@id":"https:\/\/larrs.cl\/sitio\/larrs-finaliza-instalacion-de-red-pluviometrica-en-la-cuenca-del-andalien\/#breadcrumb"},"inLanguage":"es","potentialAction":[{"@type":"ReadAction","target":["https:\/\/larrs.cl\/sitio\/larrs-finaliza-instalacion-de-red-pluviometrica-en-la-cuenca-del-andalien\/"]}]},{"@type":"ImageObject","inLanguage":"es","@id":"https:\/\/larrs.cl\/sitio\/larrs-finaliza-instalacion-de-red-pluviometrica-en-la-cuenca-del-andalien\/#primaryimage","url":"https:\/\/larrs.cl\/sitio\/wp-content\/uploads\/2016\/05\/1.jpg","contentUrl":"https:\/\/larrs.cl\/sitio\/wp-content\/uploads\/2016\/05\/1.jpg","width":538,"height":390},{"@type":"BreadcrumbList","@id":"https:\/\/larrs.cl\/sitio\/larrs-finaliza-instalacion-de-red-pluviometrica-en-la-cuenca-del-andalien\/#breadcrumb","itemListElement":[{"@type":"ListItem","position":1,"name":"Portada","item":"https:\/\/larrs.cl\/sitio\/"},{"@type":"ListItem","position":2,"name":"LARRS finaliza instalaci\u00f3n de red pluviometrica en la cuenca del Andali\u00e9n"}]},{"@type":"WebSite","@id":"https:\/\/larrs.cl\/sitio\/#website","url":"https:\/\/larrs.cl\/sitio\/","name":"LARRS","description":"Reducci\u00f3n de riesgos socionaturales","potentialAction":[{"@type":"SearchAction","target":{"@type":"EntryPoint","urlTemplate":"https:\/\/larrs.cl\/sitio\/?s={search_term_string}"},"query-input":{"@type":"PropertyValueSpecification","valueRequired":true,"valueName":"search_term_string"}}],"inLanguage":"es"},{"@type":"Person","@id":"https:\/\/larrs.cl\/sitio\/#\/schema\/person\/837b08b7675ec5b986c78e507a9d7eab","name":"admin","image":{"@type":"ImageObject","inLanguage":"es","@id":"https:\/\/secure.gravatar.com\/avatar\/c9dde314e3c67ff341ce287da192e368ecf364bedf96023a05d2e0996863f767?s=96&d=mm&r=g","url":"https:\/\/secure.gravatar.com\/avatar\/c9dde314e3c67ff341ce287da192e368ecf364bedf96023a05d2e0996863f767?s=96&d=mm&r=g","contentUrl":"https:\/\/secure.gravatar.com\/avatar\/c9dde314e3c67ff341ce287da192e368ecf364bedf96023a05d2e0996863f767?s=96&d=mm&r=g","caption":"admin"},"url":"https:\/\/larrs.cl\/sitio\/author\/admin\/"}]}},"_links":{"self":[{"href":"https:\/\/larrs.cl\/sitio\/wp-json\/wp\/v2\/posts\/993","targetHints":{"allow":["GET"]}}],"collection":[{"href":"https:\/\/larrs.cl\/sitio\/wp-json\/wp\/v2\/posts"}],"about":[{"href":"https:\/\/larrs.cl\/sitio\/wp-json\/wp\/v2\/types\/post"}],"author":[{"embeddable":true,"href":"https:\/\/larrs.cl\/sitio\/wp-json\/wp\/v2\/users\/1"}],"replies":[{"embeddable":true,"href":"https:\/\/larrs.cl\/sitio\/wp-json\/wp\/v2\/comments?post=993"}],"version-history":[{"count":2,"href":"https:\/\/larrs.cl\/sitio\/wp-json\/wp\/v2\/posts\/993\/revisions"}],"predecessor-version":[{"id":995,"href":"https:\/\/larrs.cl\/sitio\/wp-json\/wp\/v2\/posts\/993\/revisions\/995"}],"wp:featuredmedia":[{"embeddable":true,"href":"https:\/\/larrs.cl\/sitio\/wp-json\/wp\/v2\/media\/996"}],"wp:attachment":[{"href":"https:\/\/larrs.cl\/sitio\/wp-json\/wp\/v2\/media?parent=993"}],"wp:term":[{"taxonomy":"category","embeddable":true,"href":"https:\/\/larrs.cl\/sitio\/wp-json\/wp\/v2\/categories?post=993"},{"taxonomy":"post_tag","embeddable":true,"href":"https:\/\/larrs.cl\/sitio\/wp-json\/wp\/v2\/tags?post=993"}],"curies":[{"name":"wp","href":"https:\/\/api.w.org\/{rel}","templated":true}]}}