{"id":1556,"date":"2023-07-08T02:30:00","date_gmt":"2023-07-08T02:30:00","guid":{"rendered":"https:\/\/larrs.cl\/sitio\/?p=1556"},"modified":"2023-08-13T02:32:01","modified_gmt":"2023-08-13T02:32:01","slug":"equipo-larrs-realiza-visita-a-zonas-afectadas-por-las-inundaciones","status":"publish","type":"post","link":"https:\/\/larrs.cl\/sitio\/equipo-larrs-realiza-visita-a-zonas-afectadas-por-las-inundaciones\/","title":{"rendered":"Equipo LARRS realiza visita a zonas afectadas por las inundaciones en r\u00edos Maule, Chill\u00e1n y \u00d1uble."},"content":{"rendered":"\n<p>Como parte de los proyectos de investigaci\u00f3n y tesis doctorales desarrollados en el laboratorio el un equipo se traslad\u00f3 a las zonas afectadas por las inundaciones del 25 de junio pasado. Durante la visita se convers\u00f3 con los vecinos y comunidades afectadas, se tomaron fotograf\u00edas, se recogieron evidencias aportadas por las comunidades y se realizaron vuelos con Dron para identificar posteriormente las zonas que fueron inundadas.<\/p>\n\n\n\n<p> El primer recorrido se realiz\u00f3 en la cuenca del r\u00edo Itata, donde se visit\u00f3 el sector de Coelemu donde el desborde del r\u00edo afect\u00f3 a recintos deportivos, \u00e1reas de cultivo y viviendas aisladas. Posteriormente el trabajo se concentr\u00f3 en las cercan\u00edas de los r\u00edo Chill\u00e1n y \u00d1uble, evidenciando da\u00f1os en viviendas asociadas a parcelas, e inundaciones en campamentos instalados en el espacio fluvial del r\u00edo \u00d1uble.<\/p>\n\n\n\n<p>Tambi\u00e9n se visit\u00f3 el curso medio del r\u00edo Maule, en el que se realizan actividades agr\u00edcolas. Se constat\u00f3 que la crecida afect\u00f3 mayoritariamente a los suelos agr\u00edcolas, cultivos de hortalizas y vi\u00f1edos, da\u00f1ando puentes, caminos rurales. Seg\u00fan los habitantes consultados, la inundaci\u00f3n fue importante en la confluencia de los r\u00edos Maule y Claro, cercano a la ruta 5 Sur.<\/p>\n\n\n\n<p>La actividad de terreno se enmarca y fue financiada por el proyecto FONDECYT 1212032, se espera que contribuya al proyecto de tesis doctoral de Catherine Sep\u00falveda, que se centra en la zona media del r\u00edo Maule. Participaron en la campa\u00f1a Diego Soto, Catherine Sep\u00falveda, Fabi\u00e1n Pacheco y Octavio Rojas.<\/p>\n\n\n\n<figure class=\"wp-block-image size-large is-style-default\"><img loading=\"lazy\" width=\"1024\" height=\"768\" src=\"https:\/\/larrs.cl\/sitio\/wp-content\/uploads\/2023\/08\/IMG_3924-1024x768.jpg\" alt=\"\" class=\"wp-image-1557\" srcset=\"https:\/\/larrs.cl\/sitio\/wp-content\/uploads\/2023\/08\/IMG_3924-1024x768.jpg 1024w, https:\/\/larrs.cl\/sitio\/wp-content\/uploads\/2023\/08\/IMG_3924-300x225.jpg 300w, https:\/\/larrs.cl\/sitio\/wp-content\/uploads\/2023\/08\/IMG_3924-768x576.jpg 768w, https:\/\/larrs.cl\/sitio\/wp-content\/uploads\/2023\/08\/IMG_3924-1536x1152.jpg 1536w, https:\/\/larrs.cl\/sitio\/wp-content\/uploads\/2023\/08\/IMG_3924-2048x1536.jpg 2048w\" sizes=\"(max-width: 1024px) 100vw, 1024px\" \/><figcaption>Vuelo dron \u00e1rea inundada r\u00edo Maule. Fuente: Propia<\/figcaption><\/figure>\n\n\n\n<p><\/p>\n","protected":false},"excerpt":{"rendered":"<p>Como parte de los proyectos de investigaci\u00f3n y tesis doctorales desarrollados en el laboratorio el un equipo se traslad\u00f3 a las zonas afectadas por las inundaciones del 25 de junio pasado. Durante la visita se convers\u00f3 con los vecinos y comunidades afectadas, se tomaron fotograf\u00edas, se recogieron evidencias aportadas por las comunidades y se realizaron &#8230;<\/p>\n","protected":false},"author":1,"featured_media":1557,"comment_status":"closed","ping_status":"closed","sticky":false,"template":"","format":"standard","meta":{"_links_to":"","_links_to_target":""},"categories":[26],"tags":[],"yoast_head":"<!-- This site is optimized with the Yoast SEO plugin v17.1 - https:\/\/yoast.com\/wordpress\/plugins\/seo\/ -->\n<title>Equipo LARRS realiza visita a zonas afectadas por las inundaciones en r\u00edos Maule, Chill\u00e1n y \u00d1uble. - LARRS<\/title>\n<meta name=\"robots\" content=\"index, follow, max-snippet:-1, max-image-preview:large, max-video-preview:-1\" \/>\n<link rel=\"canonical\" href=\"https:\/\/larrs.cl\/sitio\/equipo-larrs-realiza-visita-a-zonas-afectadas-por-las-inundaciones\/\" \/>\n<meta property=\"og:locale\" content=\"es_ES\" \/>\n<meta property=\"og:type\" content=\"article\" \/>\n<meta property=\"og:title\" content=\"Equipo LARRS realiza visita a zonas afectadas por las inundaciones en r\u00edos Maule, Chill\u00e1n y \u00d1uble. - LARRS\" \/>\n<meta property=\"og:description\" content=\"Como parte de los proyectos de investigaci\u00f3n y tesis doctorales desarrollados en el laboratorio el un equipo se traslad\u00f3 a las zonas afectadas por las inundaciones del 25 de junio pasado. Durante la visita se convers\u00f3 con los vecinos y comunidades afectadas, se tomaron fotograf\u00edas, se recogieron evidencias aportadas por las comunidades y se realizaron ...\" \/>\n<meta property=\"og:url\" content=\"https:\/\/larrs.cl\/sitio\/equipo-larrs-realiza-visita-a-zonas-afectadas-por-las-inundaciones\/\" \/>\n<meta property=\"og:site_name\" content=\"LARRS\" \/>\n<meta property=\"article:published_time\" content=\"2023-07-08T02:30:00+00:00\" \/>\n<meta property=\"article:modified_time\" content=\"2023-08-13T02:32:01+00:00\" \/>\n<meta property=\"og:image\" content=\"https:\/\/larrs.cl\/sitio\/wp-content\/uploads\/2023\/08\/IMG_3924-scaled.jpg\" \/>\n\t<meta property=\"og:image:width\" content=\"2560\" \/>\n\t<meta property=\"og:image:height\" content=\"1920\" \/>\n<meta name=\"twitter:card\" content=\"summary_large_image\" \/>\n<meta name=\"twitter:label1\" content=\"Escrito por\" \/>\n\t<meta name=\"twitter:data1\" content=\"admin\" \/>\n\t<meta name=\"twitter:label2\" content=\"Tiempo de lectura\" \/>\n\t<meta name=\"twitter:data2\" content=\"2 minutos\" \/>\n<script type=\"application\/ld+json\" class=\"yoast-schema-graph\">{\"@context\":\"https:\/\/schema.org\",\"@graph\":[{\"@type\":\"WebSite\",\"@id\":\"https:\/\/larrs.cl\/sitio\/#website\",\"url\":\"https:\/\/larrs.cl\/sitio\/\",\"name\":\"LARRS\",\"description\":\"Reducci\\u00f3n de riesgos socionaturales\",\"potentialAction\":[{\"@type\":\"SearchAction\",\"target\":{\"@type\":\"EntryPoint\",\"urlTemplate\":\"https:\/\/larrs.cl\/sitio\/?s={search_term_string}\"},\"query-input\":\"required name=search_term_string\"}],\"inLanguage\":\"es\"},{\"@type\":\"ImageObject\",\"@id\":\"https:\/\/larrs.cl\/sitio\/equipo-larrs-realiza-visita-a-zonas-afectadas-por-las-inundaciones\/#primaryimage\",\"inLanguage\":\"es\",\"url\":\"https:\/\/larrs.cl\/sitio\/wp-content\/uploads\/2023\/08\/IMG_3924-scaled.jpg\",\"contentUrl\":\"https:\/\/larrs.cl\/sitio\/wp-content\/uploads\/2023\/08\/IMG_3924-scaled.jpg\",\"width\":2560,\"height\":1920},{\"@type\":\"WebPage\",\"@id\":\"https:\/\/larrs.cl\/sitio\/equipo-larrs-realiza-visita-a-zonas-afectadas-por-las-inundaciones\/#webpage\",\"url\":\"https:\/\/larrs.cl\/sitio\/equipo-larrs-realiza-visita-a-zonas-afectadas-por-las-inundaciones\/\",\"name\":\"Equipo LARRS realiza visita a zonas afectadas por las inundaciones en r\\u00edos Maule, Chill\\u00e1n y \\u00d1uble. - LARRS\",\"isPartOf\":{\"@id\":\"https:\/\/larrs.cl\/sitio\/#website\"},\"primaryImageOfPage\":{\"@id\":\"https:\/\/larrs.cl\/sitio\/equipo-larrs-realiza-visita-a-zonas-afectadas-por-las-inundaciones\/#primaryimage\"},\"datePublished\":\"2023-07-08T02:30:00+00:00\",\"dateModified\":\"2023-08-13T02:32:01+00:00\",\"author\":{\"@id\":\"https:\/\/larrs.cl\/sitio\/#\/schema\/person\/837b08b7675ec5b986c78e507a9d7eab\"},\"breadcrumb\":{\"@id\":\"https:\/\/larrs.cl\/sitio\/equipo-larrs-realiza-visita-a-zonas-afectadas-por-las-inundaciones\/#breadcrumb\"},\"inLanguage\":\"es\",\"potentialAction\":[{\"@type\":\"ReadAction\",\"target\":[\"https:\/\/larrs.cl\/sitio\/equipo-larrs-realiza-visita-a-zonas-afectadas-por-las-inundaciones\/\"]}]},{\"@type\":\"BreadcrumbList\",\"@id\":\"https:\/\/larrs.cl\/sitio\/equipo-larrs-realiza-visita-a-zonas-afectadas-por-las-inundaciones\/#breadcrumb\",\"itemListElement\":[{\"@type\":\"ListItem\",\"position\":1,\"name\":\"Portada\",\"item\":\"https:\/\/larrs.cl\/sitio\/\"},{\"@type\":\"ListItem\",\"position\":2,\"name\":\"Equipo LARRS realiza visita a zonas afectadas por las inundaciones en r\\u00edos Maule, Chill\\u00e1n y \\u00d1uble.\"}]},{\"@type\":\"Person\",\"@id\":\"https:\/\/larrs.cl\/sitio\/#\/schema\/person\/837b08b7675ec5b986c78e507a9d7eab\",\"name\":\"admin\",\"image\":{\"@type\":\"ImageObject\",\"@id\":\"https:\/\/larrs.cl\/sitio\/#personlogo\",\"inLanguage\":\"es\",\"url\":\"https:\/\/secure.gravatar.com\/avatar\/355f8f7c7b740e3f319037f77b2dccbe?s=96&d=mm&r=g\",\"contentUrl\":\"https:\/\/secure.gravatar.com\/avatar\/355f8f7c7b740e3f319037f77b2dccbe?s=96&d=mm&r=g\",\"caption\":\"admin\"},\"url\":\"https:\/\/larrs.cl\/sitio\/author\/admin\/\"}]}<\/script>\n<!-- \/ Yoast SEO plugin. -->","yoast_head_json":{"title":"Equipo LARRS realiza visita a zonas afectadas por las inundaciones en r\u00edos Maule, Chill\u00e1n y \u00d1uble. - LARRS","robots":{"index":"index","follow":"follow","max-snippet":"max-snippet:-1","max-image-preview":"max-image-preview:large","max-video-preview":"max-video-preview:-1"},"canonical":"https:\/\/larrs.cl\/sitio\/equipo-larrs-realiza-visita-a-zonas-afectadas-por-las-inundaciones\/","og_locale":"es_ES","og_type":"article","og_title":"Equipo LARRS realiza visita a zonas afectadas por las inundaciones en r\u00edos Maule, Chill\u00e1n y \u00d1uble. - LARRS","og_description":"Como parte de los proyectos de investigaci\u00f3n y tesis doctorales desarrollados en el laboratorio el un equipo se traslad\u00f3 a las zonas afectadas por las inundaciones del 25 de junio pasado. Durante la visita se convers\u00f3 con los vecinos y comunidades afectadas, se tomaron fotograf\u00edas, se recogieron evidencias aportadas por las comunidades y se realizaron ...","og_url":"https:\/\/larrs.cl\/sitio\/equipo-larrs-realiza-visita-a-zonas-afectadas-por-las-inundaciones\/","og_site_name":"LARRS","article_published_time":"2023-07-08T02:30:00+00:00","article_modified_time":"2023-08-13T02:32:01+00:00","og_image":[{"width":2560,"height":1920,"url":"https:\/\/larrs.cl\/sitio\/wp-content\/uploads\/2023\/08\/IMG_3924-scaled.jpg","path":"\/home\/larrs\/public_html\/sitio\/wp-content\/uploads\/2023\/08\/IMG_3924-scaled.jpg","size":"full","id":1557,"alt":"","pixels":4915200,"type":"image\/jpeg"}],"twitter_card":"summary_large_image","twitter_misc":{"Escrito por":"admin","Tiempo de lectura":"2 minutos"},"schema":{"@context":"https:\/\/schema.org","@graph":[{"@type":"WebSite","@id":"https:\/\/larrs.cl\/sitio\/#website","url":"https:\/\/larrs.cl\/sitio\/","name":"LARRS","description":"Reducci\u00f3n de riesgos socionaturales","potentialAction":[{"@type":"SearchAction","target":{"@type":"EntryPoint","urlTemplate":"https:\/\/larrs.cl\/sitio\/?s={search_term_string}"},"query-input":"required name=search_term_string"}],"inLanguage":"es"},{"@type":"ImageObject","@id":"https:\/\/larrs.cl\/sitio\/equipo-larrs-realiza-visita-a-zonas-afectadas-por-las-inundaciones\/#primaryimage","inLanguage":"es","url":"https:\/\/larrs.cl\/sitio\/wp-content\/uploads\/2023\/08\/IMG_3924-scaled.jpg","contentUrl":"https:\/\/larrs.cl\/sitio\/wp-content\/uploads\/2023\/08\/IMG_3924-scaled.jpg","width":2560,"height":1920},{"@type":"WebPage","@id":"https:\/\/larrs.cl\/sitio\/equipo-larrs-realiza-visita-a-zonas-afectadas-por-las-inundaciones\/#webpage","url":"https:\/\/larrs.cl\/sitio\/equipo-larrs-realiza-visita-a-zonas-afectadas-por-las-inundaciones\/","name":"Equipo LARRS realiza visita a zonas afectadas por las inundaciones en r\u00edos Maule, Chill\u00e1n y \u00d1uble. - LARRS","isPartOf":{"@id":"https:\/\/larrs.cl\/sitio\/#website"},"primaryImageOfPage":{"@id":"https:\/\/larrs.cl\/sitio\/equipo-larrs-realiza-visita-a-zonas-afectadas-por-las-inundaciones\/#primaryimage"},"datePublished":"2023-07-08T02:30:00+00:00","dateModified":"2023-08-13T02:32:01+00:00","author":{"@id":"https:\/\/larrs.cl\/sitio\/#\/schema\/person\/837b08b7675ec5b986c78e507a9d7eab"},"breadcrumb":{"@id":"https:\/\/larrs.cl\/sitio\/equipo-larrs-realiza-visita-a-zonas-afectadas-por-las-inundaciones\/#breadcrumb"},"inLanguage":"es","potentialAction":[{"@type":"ReadAction","target":["https:\/\/larrs.cl\/sitio\/equipo-larrs-realiza-visita-a-zonas-afectadas-por-las-inundaciones\/"]}]},{"@type":"BreadcrumbList","@id":"https:\/\/larrs.cl\/sitio\/equipo-larrs-realiza-visita-a-zonas-afectadas-por-las-inundaciones\/#breadcrumb","itemListElement":[{"@type":"ListItem","position":1,"name":"Portada","item":"https:\/\/larrs.cl\/sitio\/"},{"@type":"ListItem","position":2,"name":"Equipo LARRS realiza visita a zonas afectadas por las inundaciones en r\u00edos Maule, Chill\u00e1n y \u00d1uble."}]},{"@type":"Person","@id":"https:\/\/larrs.cl\/sitio\/#\/schema\/person\/837b08b7675ec5b986c78e507a9d7eab","name":"admin","image":{"@type":"ImageObject","@id":"https:\/\/larrs.cl\/sitio\/#personlogo","inLanguage":"es","url":"https:\/\/secure.gravatar.com\/avatar\/355f8f7c7b740e3f319037f77b2dccbe?s=96&d=mm&r=g","contentUrl":"https:\/\/secure.gravatar.com\/avatar\/355f8f7c7b740e3f319037f77b2dccbe?s=96&d=mm&r=g","caption":"admin"},"url":"https:\/\/larrs.cl\/sitio\/author\/admin\/"}]}},"_links":{"self":[{"href":"https:\/\/larrs.cl\/sitio\/wp-json\/wp\/v2\/posts\/1556"}],"collection":[{"href":"https:\/\/larrs.cl\/sitio\/wp-json\/wp\/v2\/posts"}],"about":[{"href":"https:\/\/larrs.cl\/sitio\/wp-json\/wp\/v2\/types\/post"}],"author":[{"embeddable":true,"href":"https:\/\/larrs.cl\/sitio\/wp-json\/wp\/v2\/users\/1"}],"replies":[{"embeddable":true,"href":"https:\/\/larrs.cl\/sitio\/wp-json\/wp\/v2\/comments?post=1556"}],"version-history":[{"count":2,"href":"https:\/\/larrs.cl\/sitio\/wp-json\/wp\/v2\/posts\/1556\/revisions"}],"predecessor-version":[{"id":1560,"href":"https:\/\/larrs.cl\/sitio\/wp-json\/wp\/v2\/posts\/1556\/revisions\/1560"}],"wp:featuredmedia":[{"embeddable":true,"href":"https:\/\/larrs.cl\/sitio\/wp-json\/wp\/v2\/media\/1557"}],"wp:attachment":[{"href":"https:\/\/larrs.cl\/sitio\/wp-json\/wp\/v2\/media?parent=1556"}],"wp:term":[{"taxonomy":"category","embeddable":true,"href":"https:\/\/larrs.cl\/sitio\/wp-json\/wp\/v2\/categories?post=1556"},{"taxonomy":"post_tag","embeddable":true,"href":"https:\/\/larrs.cl\/sitio\/wp-json\/wp\/v2\/tags?post=1556"}],"curies":[{"name":"wp","href":"https:\/\/api.w.org\/{rel}","templated":true}]}}