{"id":1507,"date":"2023-07-05T04:04:00","date_gmt":"2023-07-05T04:04:00","guid":{"rendered":"https:\/\/larrs.cl\/sitio\/?p=1507"},"modified":"2023-08-11T04:07:44","modified_gmt":"2023-08-11T04:07:44","slug":"dr-octavio-rojas-analiza-efectos-del-sistema-frontal-el-riesgo-se-configura-cuando-ocupamos-terrenos-inundables","status":"publish","type":"post","link":"https:\/\/larrs.cl\/sitio\/dr-octavio-rojas-analiza-efectos-del-sistema-frontal-el-riesgo-se-configura-cuando-ocupamos-terrenos-inundables\/","title":{"rendered":"Dr. Octavio Rojas analiza efectos del sistema frontal: \u00abEl riesgo se configura cuando ocupamos terrenos inundables\u00bb"},"content":{"rendered":"\n<ul class=\"wp-block-list\"><li><strong>El investigador Octavio Rojas enfatiza que, ante cualquier emergencia, las personas deben seguir las recomendaciones de las autoridades, realizando la evacuaci\u00f3n apenas se solicita y no esperar, porque eso aumenta su vulnerabilidad.<\/strong><\/li><\/ul>\n\n\n\n<p>El \u00faltimo sistema frontal trajo a la memoria \u201clas lluvias de antes\u201d, record\u00e1ndonos a la par la fragilidad humana ante los eventos naturales, sobre todo cuando no se toman en consideraci\u00f3n los riesgos del entorno.<\/p>\n\n\n\n<p>Seis personas fallecidas, seis desaparecidas, m\u00e1s de 4 mil damnificados, sobre mil 600 viviendas destruidas, zonas aisladas, caminos cortados y da\u00f1os en amplias \u00e1reas agr\u00edcolas son parte de los efectos del temporal que golpe\u00f3 a la zona centro sur del pa\u00eds.<\/p>\n\n\n\n<p>El desarrollo y consecuencias del evento meteorol\u00f3gico han sido seguidos de cerca por investigadores del&nbsp;<strong>Laboratorio de Reducci\u00f3n de Riegos Socio Naturales (Larrs) del Centro Eula<\/strong>, quienes han estado visitando las \u00e1reas afectadas en estos d\u00edas.<\/p>\n\n\n\n<p>El integrante del laboratorio y acad\u00e9mico de la&nbsp;<strong>Facultad de Ciencias Ambientales<\/strong>,&nbsp;<strong>Octavio Rojas Vilches<\/strong>, comenta que los problemas que sufrieron las personas en zonas rurales y periurbanas cercanas a r\u00edos se vinculan a la&nbsp;<strong>percepci\u00f3n de riesgo y la vulnerabilidad educativa<\/strong>, que tiene que ver con su conocimiento sobre los fen\u00f3menos naturales.&nbsp;<\/p>\n\n\n\n<p>\u201cCuando se desarrollan asentamientos nuevos en torno a un r\u00edo, en general las personas no poseen una percepci\u00f3n del riesgo acorde al espacio en el que habitan. Adem\u00e1s, cuando no se realizan jornadas educativas o trabajo con la comunidad, la vulnerabilidad educativa respecto a un evento es muy alta\u201d, asevera el tambi\u00e9n miembro del Proyecto Anillo Cambio Clim\u00e1tico y Sociohidrolog\u00eda de Inundaciones, que lidera el investigador de la&nbsp;<strong>Facultad de Ingenier\u00eda<\/strong>,&nbsp;<strong>Oscar Link Oelker<\/strong>.<\/p>\n\n\n\n<p>De alguna forma, esto tambi\u00e9n influy\u00f3 en la respuesta de las personas ante los llamados a evacuar y, porque tambi\u00e9n, hay una ausencia de memoria sobre situaciones similares del pasado.<\/p>\n\n\n\n<figure class=\"wp-block-image is-style-default\" id=\"attachment_58648\"><img decoding=\"async\" src=\"https:\/\/noticias.udec.cl\/wp-content\/uploads\/2023\/06\/Octavio-Rojas-Vilches-1024x683.jpg\" alt=\"\" class=\"wp-image-58648\"\/><figcaption>Dr. Octavio Rojas\/imagen cedida.<\/figcaption><\/figure>\n\n\n\n<p>\u201cCon los recientes eventos, la percepci\u00f3n de los habitantes que fueron afectados durante la inundaci\u00f3n va a estar m\u00e1s acorde con los espacios que habitan, por cuanto futuros llamados a evacuaci\u00f3n dentro de esa zona debieran ser mucho m\u00e1s f\u00e1ciles para las autoridades\u201d, agreg\u00f3 el Dr. Rojas.<\/p>\n\n\n\n<h4 class=\"wp-block-heading\"><strong>Lecciones<\/strong><\/h4>\n\n\n\n<p>Apenas comenzado el invierno, las lecciones de este primer evento -seg\u00fan el especialista- son varias y parten en el \u00e1mbito de la planificaci\u00f3n y el ordenamiento territorial.<\/p>\n\n\n\n<p>\u201cCreo que es necesaria una incorporaci\u00f3n efectiva de todas las \u00e1reas de peligro dentro de los instrumentos que norman los sectores urbanos y rurales, y evitar crear nuevas zonas de riesgo, entendiendo que el riesgo se configura cuando ocupamos espacios que habitualmente o en el pasado fueron ocupados por el r\u00edo como terrenos inundables\u201d.<\/p>\n\n\n\n<p>El acad\u00e9mico tambi\u00e9n enfatiza en los desaf\u00edos en torno a la incorporaci\u00f3n de soluciones basadas en naturaleza o<strong>&nbsp;infraestructura verde dentro de ecosistemas como lagunas y humedales que quedan en las ciudades,<\/strong>&nbsp;con la idea de minimizar los riesgos de inundaciones y anegamientos; as\u00ed como la construcci\u00f3n de humedales artificiales o zanjas filtrantes \u201cque sirvan de ayuda como una red planificada al interior de los centros urbanos y permitan cambiar la visi\u00f3n de las aguas que circulan en las ciudades durante estos eventos\u201d.<\/p>\n\n\n\n<p>Otro punto a considerar es el fortalecimiento de la educaci\u00f3n para reducir las brechas de conocimiento de las personas en torno a la din\u00e1mica de los eventos de inundaci\u00f3n y de cualquier otro riesgo.<\/p>\n\n\n\n<p>\u201cAdem\u00e1s hay que fortalecer la educaci\u00f3n ambiental para disminuir el problema que tenemos respecto al manejo de los residuos que generan sinergia en los eventos de inundaci\u00f3n e incrementan los efectos de los desbordes en los entornos urbanos\u201d, enfatiz\u00f3 el Dr. Rojas, aludiendo a las toneladas de residuos y escombros que obstruyeron zonas de conducci\u00f3n del agua.<\/p>\n\n\n\n<p>Por \u00faltimo, menciona la necesidad de contar con un sistema de informaci\u00f3n orientada a los ciudadanos con datos concretos o informaci\u00f3n espacial sobre los peligros en torno a terrenos en venta y proyectos de construcci\u00f3n.<\/p>\n\n\n\n<p>\u201cHay pa\u00edses donde existen sistemas en los que se ingresa el rol de la propiedad y aparecen todas las amenazas que est\u00e1n vinculadas a ese sitio, incluso indicando algunas caracter\u00edsticas de construcci\u00f3n o seguros que tienes que poseer en el caso que decidas finalmente construir en ese sitio\u201d, cuenta.<\/p>\n\n\n\n<p>Con todo, el experto enfatiza que, ante cualquier emergencia, las personas deben seguir las recomendaciones de las autoridades, realizando la evacuaci\u00f3n apenas se solicita y no esperar porque eso aumenta su vulnerabilidad. &nbsp;<\/p>\n\n\n\n<p>Y para las personas que no fueron afectadas en este evento, la invitaci\u00f3n es a tomar conciencia del entorno; conocer las posibles amenazas y peligros del lugar en que viven, y si han llegado a esa zona en los \u00faltimos tres o cuatro a\u00f1os preguntar a quienes habitan ah\u00ed sobre los fen\u00f3menos naturales que han ocurrido o bien recabar informaci\u00f3n en los municipios sobre los riesgos del \u00e1rea.<\/p>\n\n\n\n<p>Rojas tambi\u00e9n llama a la poblaci\u00f3n a mantener limpios los sistemas de drenaje urbano y los cauces que est\u00e1n dentro o cerca de la ciudad. \u201cLa disposici\u00f3n de la basura en humedales, r\u00edos y esteros es un problema que ha ido creciendo y lo debemos abordar desde las propias comunidades; ser m\u00e1s proactivos en t\u00e9rminos de nuestra relaci\u00f3n con los ecosistemas\u201d, dijo.<\/p>\n\n\n\n<h4 class=\"wp-block-heading\"><strong>Gesti\u00f3n de emergencias<\/strong><\/h4>\n\n\n\n<p>En su an\u00e1lisis, el especialista tambi\u00e9n rescata los avances que ha experimentado la atenci\u00f3n de emergencias, a partir del terremoto de 2010, destacando de manera especial las alertas de evacuaci\u00f3n que, a su juicio, funcionaron bastante bien.<\/p>\n\n\n\n<p>Por otro lado, agrega que el reemplazo de Onemi por una institucionalidad integrada por el Servicio Nacional de Prevenci\u00f3n y Respuesta ante Desastres (Senapred) y un SistemaNacional de Prevenci\u00f3n y Respuesta ante Desastres (Sinapred), \u201cnos pone en un plano mucho m\u00e1s completo para enfrentar los riesgos y los desastres hacia el futuro\u201d.<\/p>\n\n\n\n<p>Es un paso de un sistema m\u00e1s reactivo -de respuesta ante eventos- hacia uno que apunta a tratar \u201cel riesgo y los desastres de manera m\u00e1s hol\u00edstica, abordando el ciclo del riesgo de manera m\u00e1s integral\u201d, dice el investigador.<\/p>\n\n\n\n<p>En todo caso, advierte que se trata de una estructura relativamente nueva que a\u00fan requiere tiempo para implementar todos los cambios proyectados.<\/p>\n\n\n\n<h4 class=\"wp-block-heading\"><strong>Educaci\u00f3n en riesgo de desastres<\/strong><\/h4>\n\n\n\n<p>Las inundaciones de la pen\u00faltima semana abren una reflexi\u00f3n sobre la importancia de contar con una poblaci\u00f3n preparada para actuar frente a las amenazas de los lugares que ocupa.<\/p>\n\n\n\n<figure class=\"wp-block-image is-style-default\" id=\"attachment_58651\"><img decoding=\"async\" src=\"https:\/\/noticias.udec.cl\/wp-content\/uploads\/2023\/06\/vivienda-inundada-1024x768.jpg\" alt=\"\" class=\"wp-image-58651\"\/><figcaption>Marca de inundaci\u00f3n en vivienda por desborde del rio Chill\u00e1n\/Manuel Devia.<\/figcaption><\/figure>\n\n\n\n<p>El Dr. Octavio Rojas considera que en un pa\u00eds como Chile, con una geograf\u00eda diversa expuesta a m\u00faltiples amenazas y vulnerable al cambio clim\u00e1tico, es fundamental contar con un curr\u00edculo escolar fuerte en educaci\u00f3n para la reducci\u00f3n del riesgo de desastre.<\/p>\n\n\n\n<p>\u201cLamentablemente en las \u00faltimas d\u00e9cadas, la disciplina que abordaba este tema en el colegio, espec\u00edficamente la geograf\u00eda, se ha visto muy disminuida y creo que es momento de replantear el rol que cumple la educaci\u00f3n formal, espec\u00edficamente la ense\u00f1anza b\u00e1sica y media en esta materia\u201d, acota el especialista.<\/p>\n\n\n\n<p>Por otro lado, se\u00f1ala que existe&nbsp;una serie de recursos a los que pueden recurrir las personas que ya no est\u00e1n en edad escolar para adquirir conocimientos en esta \u00e1rea, como el portal Senapred, donde existen recursos did\u00e1cticos sobre distintos tipos de amenaza e informaci\u00f3n sobre medidas a adoptar en cada caso, adem\u00e1s de departamentos de riesgos en algunos municipios que aportan informaci\u00f3n para estar mejor preparados frente a los riesgos naturales.<\/p>\n\n\n\n<p>Senapred ya ha emitido una nueva alerta para la zona sur, ante la llegada de un nuevo sistema frontal, del que no es posible prever sus consecuencias, por lo que Rojas refuerza la idea de prepararse para cualquier eventualidad y m\u00e1s a\u00fan frente a las proyecciones en torno a la llegada de El Ni\u00f1o.<\/p>\n\n\n\n<p><strong>\u201cEl invierno est\u00e1 reci\u00e9n comenzando;<\/strong>&nbsp;quedan dos meses -julio y agosto- en los que la precipitaci\u00f3n es mayor dentro del a\u00f1o. Las cuencas han quedado con una condici\u00f3n de mayor vulnerabilidad y eso nos llama a estar alerta frente a los pron\u00f3sticos meteorol\u00f3gicos. Junto a ello tenemos una alta probabilidad de desarrollo de un fen\u00f3meno de El Ni\u00f1o fuerte y que obviamente traer\u00e1 mayores montos pluviom\u00e9tricos\u201d, anota.<\/p>\n\n\n\n<p>El investigador record\u00f3 que, en estos eventos, en nuestra regi\u00f3n hist\u00f3ricamente<strong>&nbsp;las precipitaciones tienden a aumentar durante la primavera.<\/strong><\/p>\n\n\n\n<p>\u201cEso quiere decir que probablemente tengamos un septiembre a noviembre bastante m\u00e1s lluvioso de lo habitual, si es que estas condiciones finalmente se materializan\u201d, puntualiza.<\/p>\n\n\n\n<p>Fuente: Diario Concepci\u00f3n, Julio 5, 2023<\/p>\n","protected":false},"excerpt":{"rendered":"<p>El investigador Octavio Rojas enfatiza que, ante cualquier emergencia, las personas deben seguir las recomendaciones de las autoridades, realizando la evacuaci\u00f3n apenas se solicita y no esperar, porque eso aumenta su vulnerabilidad. El \u00faltimo sistema frontal trajo a la memoria \u201clas lluvias de antes\u201d, record\u00e1ndonos a la par la fragilidad humana ante los eventos naturales, &#8230;<\/p>\n","protected":false},"author":1,"featured_media":1508,"comment_status":"closed","ping_status":"closed","sticky":false,"template":"","format":"standard","meta":{"footnotes":"","_links_to":"","_links_to_target":""},"categories":[26],"tags":[],"class_list":["post-1507","post","type-post","status-publish","format-standard","has-post-thumbnail","hentry","category-noticias"],"yoast_head":"<!-- This site is optimized with the Yoast SEO plugin v27.5 - https:\/\/yoast.com\/product\/yoast-seo-wordpress\/ -->\n<title>Dr. Octavio Rojas analiza efectos del sistema frontal: &quot;El riesgo se configura cuando ocupamos terrenos inundables&quot; - LARRS<\/title>\n<meta name=\"robots\" content=\"index, follow, max-snippet:-1, max-image-preview:large, max-video-preview:-1\" \/>\n<link rel=\"canonical\" href=\"https:\/\/larrs.cl\/sitio\/dr-octavio-rojas-analiza-efectos-del-sistema-frontal-el-riesgo-se-configura-cuando-ocupamos-terrenos-inundables\/\" \/>\n<meta property=\"og:locale\" content=\"es_ES\" \/>\n<meta property=\"og:type\" content=\"article\" \/>\n<meta property=\"og:title\" content=\"Dr. Octavio Rojas analiza efectos del sistema frontal: &quot;El riesgo se configura cuando ocupamos terrenos inundables&quot; - LARRS\" \/>\n<meta property=\"og:description\" content=\"El investigador Octavio Rojas enfatiza que, ante cualquier emergencia, las personas deben seguir las recomendaciones de las autoridades, realizando la evacuaci\u00f3n apenas se solicita y no esperar, porque eso aumenta su vulnerabilidad. El \u00faltimo sistema frontal trajo a la memoria \u201clas lluvias de antes\u201d, record\u00e1ndonos a la par la fragilidad humana ante los eventos naturales, ...\" \/>\n<meta property=\"og:url\" content=\"https:\/\/larrs.cl\/sitio\/dr-octavio-rojas-analiza-efectos-del-sistema-frontal-el-riesgo-se-configura-cuando-ocupamos-terrenos-inundables\/\" \/>\n<meta property=\"og:site_name\" content=\"LARRS\" \/>\n<meta property=\"article:published_time\" content=\"2023-07-05T04:04:00+00:00\" \/>\n<meta property=\"article:modified_time\" content=\"2023-08-11T04:07:44+00:00\" \/>\n<meta property=\"og:image\" content=\"https:\/\/larrs.cl\/sitio\/wp-content\/uploads\/2023\/08\/vivienda-inundada-1024x768-1.jpg\" \/>\n\t<meta property=\"og:image:width\" content=\"1024\" \/>\n\t<meta property=\"og:image:height\" content=\"768\" \/>\n\t<meta property=\"og:image:type\" content=\"image\/jpeg\" \/>\n<meta name=\"author\" content=\"admin\" \/>\n<meta name=\"twitter:card\" content=\"summary_large_image\" \/>\n<meta name=\"twitter:label1\" content=\"Escrito por\" \/>\n\t<meta name=\"twitter:data1\" content=\"admin\" \/>\n\t<meta name=\"twitter:label2\" content=\"Tiempo de lectura\" \/>\n\t<meta name=\"twitter:data2\" content=\"7 minutos\" \/>\n<script type=\"application\/ld+json\" class=\"yoast-schema-graph\">{\"@context\":\"https:\\\/\\\/schema.org\",\"@graph\":[{\"@type\":\"Article\",\"@id\":\"https:\\\/\\\/larrs.cl\\\/sitio\\\/dr-octavio-rojas-analiza-efectos-del-sistema-frontal-el-riesgo-se-configura-cuando-ocupamos-terrenos-inundables\\\/#article\",\"isPartOf\":{\"@id\":\"https:\\\/\\\/larrs.cl\\\/sitio\\\/dr-octavio-rojas-analiza-efectos-del-sistema-frontal-el-riesgo-se-configura-cuando-ocupamos-terrenos-inundables\\\/\"},\"author\":{\"name\":\"admin\",\"@id\":\"https:\\\/\\\/larrs.cl\\\/sitio\\\/#\\\/schema\\\/person\\\/837b08b7675ec5b986c78e507a9d7eab\"},\"headline\":\"Dr. Octavio Rojas analiza efectos del sistema frontal: \u00abEl riesgo se configura cuando ocupamos terrenos inundables\u00bb\",\"datePublished\":\"2023-07-05T04:04:00+00:00\",\"dateModified\":\"2023-08-11T04:07:44+00:00\",\"mainEntityOfPage\":{\"@id\":\"https:\\\/\\\/larrs.cl\\\/sitio\\\/dr-octavio-rojas-analiza-efectos-del-sistema-frontal-el-riesgo-se-configura-cuando-ocupamos-terrenos-inundables\\\/\"},\"wordCount\":1531,\"image\":{\"@id\":\"https:\\\/\\\/larrs.cl\\\/sitio\\\/dr-octavio-rojas-analiza-efectos-del-sistema-frontal-el-riesgo-se-configura-cuando-ocupamos-terrenos-inundables\\\/#primaryimage\"},\"thumbnailUrl\":\"https:\\\/\\\/larrs.cl\\\/sitio\\\/wp-content\\\/uploads\\\/2023\\\/08\\\/vivienda-inundada-1024x768-1.jpg\",\"articleSection\":[\"Noticias\"],\"inLanguage\":\"es\"},{\"@type\":\"WebPage\",\"@id\":\"https:\\\/\\\/larrs.cl\\\/sitio\\\/dr-octavio-rojas-analiza-efectos-del-sistema-frontal-el-riesgo-se-configura-cuando-ocupamos-terrenos-inundables\\\/\",\"url\":\"https:\\\/\\\/larrs.cl\\\/sitio\\\/dr-octavio-rojas-analiza-efectos-del-sistema-frontal-el-riesgo-se-configura-cuando-ocupamos-terrenos-inundables\\\/\",\"name\":\"Dr. Octavio Rojas analiza efectos del sistema frontal: \\\"El riesgo se configura cuando ocupamos terrenos inundables\\\" - LARRS\",\"isPartOf\":{\"@id\":\"https:\\\/\\\/larrs.cl\\\/sitio\\\/#website\"},\"primaryImageOfPage\":{\"@id\":\"https:\\\/\\\/larrs.cl\\\/sitio\\\/dr-octavio-rojas-analiza-efectos-del-sistema-frontal-el-riesgo-se-configura-cuando-ocupamos-terrenos-inundables\\\/#primaryimage\"},\"image\":{\"@id\":\"https:\\\/\\\/larrs.cl\\\/sitio\\\/dr-octavio-rojas-analiza-efectos-del-sistema-frontal-el-riesgo-se-configura-cuando-ocupamos-terrenos-inundables\\\/#primaryimage\"},\"thumbnailUrl\":\"https:\\\/\\\/larrs.cl\\\/sitio\\\/wp-content\\\/uploads\\\/2023\\\/08\\\/vivienda-inundada-1024x768-1.jpg\",\"datePublished\":\"2023-07-05T04:04:00+00:00\",\"dateModified\":\"2023-08-11T04:07:44+00:00\",\"author\":{\"@id\":\"https:\\\/\\\/larrs.cl\\\/sitio\\\/#\\\/schema\\\/person\\\/837b08b7675ec5b986c78e507a9d7eab\"},\"breadcrumb\":{\"@id\":\"https:\\\/\\\/larrs.cl\\\/sitio\\\/dr-octavio-rojas-analiza-efectos-del-sistema-frontal-el-riesgo-se-configura-cuando-ocupamos-terrenos-inundables\\\/#breadcrumb\"},\"inLanguage\":\"es\",\"potentialAction\":[{\"@type\":\"ReadAction\",\"target\":[\"https:\\\/\\\/larrs.cl\\\/sitio\\\/dr-octavio-rojas-analiza-efectos-del-sistema-frontal-el-riesgo-se-configura-cuando-ocupamos-terrenos-inundables\\\/\"]}]},{\"@type\":\"ImageObject\",\"inLanguage\":\"es\",\"@id\":\"https:\\\/\\\/larrs.cl\\\/sitio\\\/dr-octavio-rojas-analiza-efectos-del-sistema-frontal-el-riesgo-se-configura-cuando-ocupamos-terrenos-inundables\\\/#primaryimage\",\"url\":\"https:\\\/\\\/larrs.cl\\\/sitio\\\/wp-content\\\/uploads\\\/2023\\\/08\\\/vivienda-inundada-1024x768-1.jpg\",\"contentUrl\":\"https:\\\/\\\/larrs.cl\\\/sitio\\\/wp-content\\\/uploads\\\/2023\\\/08\\\/vivienda-inundada-1024x768-1.jpg\",\"width\":1024,\"height\":768},{\"@type\":\"BreadcrumbList\",\"@id\":\"https:\\\/\\\/larrs.cl\\\/sitio\\\/dr-octavio-rojas-analiza-efectos-del-sistema-frontal-el-riesgo-se-configura-cuando-ocupamos-terrenos-inundables\\\/#breadcrumb\",\"itemListElement\":[{\"@type\":\"ListItem\",\"position\":1,\"name\":\"Portada\",\"item\":\"https:\\\/\\\/larrs.cl\\\/sitio\\\/\"},{\"@type\":\"ListItem\",\"position\":2,\"name\":\"Dr. Octavio Rojas analiza efectos del sistema frontal: \u00abEl riesgo se configura cuando ocupamos terrenos inundables\u00bb\"}]},{\"@type\":\"WebSite\",\"@id\":\"https:\\\/\\\/larrs.cl\\\/sitio\\\/#website\",\"url\":\"https:\\\/\\\/larrs.cl\\\/sitio\\\/\",\"name\":\"LARRS\",\"description\":\"Reducci\u00f3n de riesgos socionaturales\",\"potentialAction\":[{\"@type\":\"SearchAction\",\"target\":{\"@type\":\"EntryPoint\",\"urlTemplate\":\"https:\\\/\\\/larrs.cl\\\/sitio\\\/?s={search_term_string}\"},\"query-input\":{\"@type\":\"PropertyValueSpecification\",\"valueRequired\":true,\"valueName\":\"search_term_string\"}}],\"inLanguage\":\"es\"},{\"@type\":\"Person\",\"@id\":\"https:\\\/\\\/larrs.cl\\\/sitio\\\/#\\\/schema\\\/person\\\/837b08b7675ec5b986c78e507a9d7eab\",\"name\":\"admin\",\"image\":{\"@type\":\"ImageObject\",\"inLanguage\":\"es\",\"@id\":\"https:\\\/\\\/secure.gravatar.com\\\/avatar\\\/c9dde314e3c67ff341ce287da192e368ecf364bedf96023a05d2e0996863f767?s=96&d=mm&r=g\",\"url\":\"https:\\\/\\\/secure.gravatar.com\\\/avatar\\\/c9dde314e3c67ff341ce287da192e368ecf364bedf96023a05d2e0996863f767?s=96&d=mm&r=g\",\"contentUrl\":\"https:\\\/\\\/secure.gravatar.com\\\/avatar\\\/c9dde314e3c67ff341ce287da192e368ecf364bedf96023a05d2e0996863f767?s=96&d=mm&r=g\",\"caption\":\"admin\"},\"url\":\"https:\\\/\\\/larrs.cl\\\/sitio\\\/author\\\/admin\\\/\"}]}<\/script>\n<!-- \/ Yoast SEO plugin. -->","yoast_head_json":{"title":"Dr. Octavio Rojas analiza efectos del sistema frontal: \"El riesgo se configura cuando ocupamos terrenos inundables\" - LARRS","robots":{"index":"index","follow":"follow","max-snippet":"max-snippet:-1","max-image-preview":"max-image-preview:large","max-video-preview":"max-video-preview:-1"},"canonical":"https:\/\/larrs.cl\/sitio\/dr-octavio-rojas-analiza-efectos-del-sistema-frontal-el-riesgo-se-configura-cuando-ocupamos-terrenos-inundables\/","og_locale":"es_ES","og_type":"article","og_title":"Dr. Octavio Rojas analiza efectos del sistema frontal: \"El riesgo se configura cuando ocupamos terrenos inundables\" - LARRS","og_description":"El investigador Octavio Rojas enfatiza que, ante cualquier emergencia, las personas deben seguir las recomendaciones de las autoridades, realizando la evacuaci\u00f3n apenas se solicita y no esperar, porque eso aumenta su vulnerabilidad. El \u00faltimo sistema frontal trajo a la memoria \u201clas lluvias de antes\u201d, record\u00e1ndonos a la par la fragilidad humana ante los eventos naturales, ...","og_url":"https:\/\/larrs.cl\/sitio\/dr-octavio-rojas-analiza-efectos-del-sistema-frontal-el-riesgo-se-configura-cuando-ocupamos-terrenos-inundables\/","og_site_name":"LARRS","article_published_time":"2023-07-05T04:04:00+00:00","article_modified_time":"2023-08-11T04:07:44+00:00","og_image":[{"width":1024,"height":768,"url":"https:\/\/larrs.cl\/sitio\/wp-content\/uploads\/2023\/08\/vivienda-inundada-1024x768-1.jpg","type":"image\/jpeg"}],"author":"admin","twitter_card":"summary_large_image","twitter_misc":{"Escrito por":"admin","Tiempo de lectura":"7 minutos"},"schema":{"@context":"https:\/\/schema.org","@graph":[{"@type":"Article","@id":"https:\/\/larrs.cl\/sitio\/dr-octavio-rojas-analiza-efectos-del-sistema-frontal-el-riesgo-se-configura-cuando-ocupamos-terrenos-inundables\/#article","isPartOf":{"@id":"https:\/\/larrs.cl\/sitio\/dr-octavio-rojas-analiza-efectos-del-sistema-frontal-el-riesgo-se-configura-cuando-ocupamos-terrenos-inundables\/"},"author":{"name":"admin","@id":"https:\/\/larrs.cl\/sitio\/#\/schema\/person\/837b08b7675ec5b986c78e507a9d7eab"},"headline":"Dr. Octavio Rojas analiza efectos del sistema frontal: \u00abEl riesgo se configura cuando ocupamos terrenos inundables\u00bb","datePublished":"2023-07-05T04:04:00+00:00","dateModified":"2023-08-11T04:07:44+00:00","mainEntityOfPage":{"@id":"https:\/\/larrs.cl\/sitio\/dr-octavio-rojas-analiza-efectos-del-sistema-frontal-el-riesgo-se-configura-cuando-ocupamos-terrenos-inundables\/"},"wordCount":1531,"image":{"@id":"https:\/\/larrs.cl\/sitio\/dr-octavio-rojas-analiza-efectos-del-sistema-frontal-el-riesgo-se-configura-cuando-ocupamos-terrenos-inundables\/#primaryimage"},"thumbnailUrl":"https:\/\/larrs.cl\/sitio\/wp-content\/uploads\/2023\/08\/vivienda-inundada-1024x768-1.jpg","articleSection":["Noticias"],"inLanguage":"es"},{"@type":"WebPage","@id":"https:\/\/larrs.cl\/sitio\/dr-octavio-rojas-analiza-efectos-del-sistema-frontal-el-riesgo-se-configura-cuando-ocupamos-terrenos-inundables\/","url":"https:\/\/larrs.cl\/sitio\/dr-octavio-rojas-analiza-efectos-del-sistema-frontal-el-riesgo-se-configura-cuando-ocupamos-terrenos-inundables\/","name":"Dr. Octavio Rojas analiza efectos del sistema frontal: \"El riesgo se configura cuando ocupamos terrenos inundables\" - LARRS","isPartOf":{"@id":"https:\/\/larrs.cl\/sitio\/#website"},"primaryImageOfPage":{"@id":"https:\/\/larrs.cl\/sitio\/dr-octavio-rojas-analiza-efectos-del-sistema-frontal-el-riesgo-se-configura-cuando-ocupamos-terrenos-inundables\/#primaryimage"},"image":{"@id":"https:\/\/larrs.cl\/sitio\/dr-octavio-rojas-analiza-efectos-del-sistema-frontal-el-riesgo-se-configura-cuando-ocupamos-terrenos-inundables\/#primaryimage"},"thumbnailUrl":"https:\/\/larrs.cl\/sitio\/wp-content\/uploads\/2023\/08\/vivienda-inundada-1024x768-1.jpg","datePublished":"2023-07-05T04:04:00+00:00","dateModified":"2023-08-11T04:07:44+00:00","author":{"@id":"https:\/\/larrs.cl\/sitio\/#\/schema\/person\/837b08b7675ec5b986c78e507a9d7eab"},"breadcrumb":{"@id":"https:\/\/larrs.cl\/sitio\/dr-octavio-rojas-analiza-efectos-del-sistema-frontal-el-riesgo-se-configura-cuando-ocupamos-terrenos-inundables\/#breadcrumb"},"inLanguage":"es","potentialAction":[{"@type":"ReadAction","target":["https:\/\/larrs.cl\/sitio\/dr-octavio-rojas-analiza-efectos-del-sistema-frontal-el-riesgo-se-configura-cuando-ocupamos-terrenos-inundables\/"]}]},{"@type":"ImageObject","inLanguage":"es","@id":"https:\/\/larrs.cl\/sitio\/dr-octavio-rojas-analiza-efectos-del-sistema-frontal-el-riesgo-se-configura-cuando-ocupamos-terrenos-inundables\/#primaryimage","url":"https:\/\/larrs.cl\/sitio\/wp-content\/uploads\/2023\/08\/vivienda-inundada-1024x768-1.jpg","contentUrl":"https:\/\/larrs.cl\/sitio\/wp-content\/uploads\/2023\/08\/vivienda-inundada-1024x768-1.jpg","width":1024,"height":768},{"@type":"BreadcrumbList","@id":"https:\/\/larrs.cl\/sitio\/dr-octavio-rojas-analiza-efectos-del-sistema-frontal-el-riesgo-se-configura-cuando-ocupamos-terrenos-inundables\/#breadcrumb","itemListElement":[{"@type":"ListItem","position":1,"name":"Portada","item":"https:\/\/larrs.cl\/sitio\/"},{"@type":"ListItem","position":2,"name":"Dr. Octavio Rojas analiza efectos del sistema frontal: \u00abEl riesgo se configura cuando ocupamos terrenos inundables\u00bb"}]},{"@type":"WebSite","@id":"https:\/\/larrs.cl\/sitio\/#website","url":"https:\/\/larrs.cl\/sitio\/","name":"LARRS","description":"Reducci\u00f3n de riesgos socionaturales","potentialAction":[{"@type":"SearchAction","target":{"@type":"EntryPoint","urlTemplate":"https:\/\/larrs.cl\/sitio\/?s={search_term_string}"},"query-input":{"@type":"PropertyValueSpecification","valueRequired":true,"valueName":"search_term_string"}}],"inLanguage":"es"},{"@type":"Person","@id":"https:\/\/larrs.cl\/sitio\/#\/schema\/person\/837b08b7675ec5b986c78e507a9d7eab","name":"admin","image":{"@type":"ImageObject","inLanguage":"es","@id":"https:\/\/secure.gravatar.com\/avatar\/c9dde314e3c67ff341ce287da192e368ecf364bedf96023a05d2e0996863f767?s=96&d=mm&r=g","url":"https:\/\/secure.gravatar.com\/avatar\/c9dde314e3c67ff341ce287da192e368ecf364bedf96023a05d2e0996863f767?s=96&d=mm&r=g","contentUrl":"https:\/\/secure.gravatar.com\/avatar\/c9dde314e3c67ff341ce287da192e368ecf364bedf96023a05d2e0996863f767?s=96&d=mm&r=g","caption":"admin"},"url":"https:\/\/larrs.cl\/sitio\/author\/admin\/"}]}},"_links":{"self":[{"href":"https:\/\/larrs.cl\/sitio\/wp-json\/wp\/v2\/posts\/1507","targetHints":{"allow":["GET"]}}],"collection":[{"href":"https:\/\/larrs.cl\/sitio\/wp-json\/wp\/v2\/posts"}],"about":[{"href":"https:\/\/larrs.cl\/sitio\/wp-json\/wp\/v2\/types\/post"}],"author":[{"embeddable":true,"href":"https:\/\/larrs.cl\/sitio\/wp-json\/wp\/v2\/users\/1"}],"replies":[{"embeddable":true,"href":"https:\/\/larrs.cl\/sitio\/wp-json\/wp\/v2\/comments?post=1507"}],"version-history":[{"count":3,"href":"https:\/\/larrs.cl\/sitio\/wp-json\/wp\/v2\/posts\/1507\/revisions"}],"predecessor-version":[{"id":1511,"href":"https:\/\/larrs.cl\/sitio\/wp-json\/wp\/v2\/posts\/1507\/revisions\/1511"}],"wp:featuredmedia":[{"embeddable":true,"href":"https:\/\/larrs.cl\/sitio\/wp-json\/wp\/v2\/media\/1508"}],"wp:attachment":[{"href":"https:\/\/larrs.cl\/sitio\/wp-json\/wp\/v2\/media?parent=1507"}],"wp:term":[{"taxonomy":"category","embeddable":true,"href":"https:\/\/larrs.cl\/sitio\/wp-json\/wp\/v2\/categories?post=1507"},{"taxonomy":"post_tag","embeddable":true,"href":"https:\/\/larrs.cl\/sitio\/wp-json\/wp\/v2\/tags?post=1507"}],"curies":[{"name":"wp","href":"https:\/\/api.w.org\/{rel}","templated":true}]}}