{"id":1274,"date":"2018-08-01T11:41:36","date_gmt":"2018-08-01T11:41:36","guid":{"rendered":"https:\/\/larrs.cl\/sitio\/?p=1274"},"modified":"2019-02-28T11:44:01","modified_gmt":"2019-02-28T11:44:01","slug":"dr-octavio-rojas-participo-en-dialogos-udec-el-rol-de-la-ciencia-en-el-parlamento","status":"publish","type":"post","link":"https:\/\/larrs.cl\/sitio\/dr-octavio-rojas-participo-en-dialogos-udec-el-rol-de-la-ciencia-en-el-parlamento\/","title":{"rendered":"Dr. Octavio Rojas particip\u00f3 en Di\u00e1logos UdeC \u201cEl rol de la ciencia en el parlamento\u201d"},"content":{"rendered":"<p style=\"text-align: justify;\">En el contexto del proyecto de ley de Protecci\u00f3n de humedales urbanos, el Dr. Rojas expuso en el primer Di\u00e1logo UdeC, sobre el rol de los humedales y los desastres (inundaciones fluviales). Adem\u00e1s, el encuentro reuni\u00f3 a la docente de la Facultad de Arquitectura, Urbanismo y Geograf\u00eda de la Universidad de Concepci\u00f3n e investigadora del Centro de Desarrollo Urbano Sustentable (Cedeus), Dra. Carolina Rojas, y al senador por la Regi\u00f3n de los R\u00edos, Alfonso de Urresti (PS), quienes dialogaron sobre el proyecto de ley de protecci\u00f3n de humedales urbanos que actualmente se encuentra en discusi\u00f3n en el Congreso.<\/p>\n<p style=\"text-align: justify;\">El Dr. Octavio Rojas, indic\u00f3 que el tema de protecci\u00f3n de humedales urbanos est\u00e1 comenzando a ser estudiado en nuestro pa\u00eds, pero que a nivel internacional organismos como la ONU ya reconocen \u201cel rol que cumplen estos ecosistemas frente a los desastres naturales\u201d. Por lo tanto, asegura que es necesario transmitir el \u201cc\u00f3mo los humedales finalmente pueden brindar servicios a la comunidad, a la sociedad y en ese sentido, transferir ese conocimiento para un proyecto de ley\u201d. En ese sentido, el profesor agreg\u00f3 que legislar sobre este tema permitir\u00eda -por ejemplo- proteger el humedal Rocuant Andali\u00e9n que se ubica en el sector del Aeropuerto Carriel Sur, y que desde el a\u00f1o 1960 ha ayudado a contener al menos 21 procesos de inundaci\u00f3n provocados por el r\u00edo Andali\u00e9n.<\/p>\n<p style=\"text-align: justify;\">Fuente: Modificado de PanoramaUdeC<\/p>\n<p style=\"text-align: justify;\">Panel Di\u00e1logos UdeC ley de Protecci\u00f3n de humedales urbanos<\/p>\n<div id=\"attachment_1275\" style=\"width: 623px\" class=\"wp-caption aligncenter\"><img loading=\"lazy\" decoding=\"async\" aria-describedby=\"caption-attachment-1275\" class=\"size-full wp-image-1275\" src=\"https:\/\/larrs.cl\/sitio\/wp-content\/uploads\/2019\/02\/Captura-de-pantalla-2019-02-28-a-las-08.42.37.png\" alt=\"\" width=\"613\" height=\"457\" srcset=\"https:\/\/larrs.cl\/sitio\/wp-content\/uploads\/2019\/02\/Captura-de-pantalla-2019-02-28-a-las-08.42.37.png 613w, https:\/\/larrs.cl\/sitio\/wp-content\/uploads\/2019\/02\/Captura-de-pantalla-2019-02-28-a-las-08.42.37-300x224.png 300w\" sizes=\"auto, (max-width: 613px) 100vw, 613px\" \/><p id=\"caption-attachment-1275\" class=\"wp-caption-text\">Panelistas Carolina Rojas (UdeC), Alfonso de Urresti (Senador PS), Octavio Rojas (UdeC).<\/p><\/div>\n","protected":false},"excerpt":{"rendered":"<p>En el contexto del proyecto de ley de Protecci\u00f3n de humedales urbanos, el Dr. Rojas expuso en el primer Di\u00e1logo UdeC, sobre el rol de los humedales y los desastres (inundaciones fluviales). Adem\u00e1s, el encuentro reuni\u00f3 a la docente de la Facultad de Arquitectura, Urbanismo y Geograf\u00eda de la Universidad de Concepci\u00f3n e investigadora del &#8230;<\/p>\n","protected":false},"author":1,"featured_media":1275,"comment_status":"closed","ping_status":"closed","sticky":false,"template":"","format":"standard","meta":{"footnotes":"","_links_to":"","_links_to_target":""},"categories":[26],"tags":[],"class_list":["post-1274","post","type-post","status-publish","format-standard","has-post-thumbnail","hentry","category-noticias"],"yoast_head":"<!-- This site is optimized with the Yoast SEO plugin v27.5 - https:\/\/yoast.com\/product\/yoast-seo-wordpress\/ -->\n<title>Dr. Octavio Rojas particip\u00f3 en Di\u00e1logos UdeC \u201cEl rol de la ciencia en el parlamento\u201d - LARRS<\/title>\n<meta name=\"robots\" content=\"index, follow, max-snippet:-1, max-image-preview:large, max-video-preview:-1\" \/>\n<link rel=\"canonical\" href=\"https:\/\/larrs.cl\/sitio\/dr-octavio-rojas-participo-en-dialogos-udec-el-rol-de-la-ciencia-en-el-parlamento\/\" \/>\n<meta property=\"og:locale\" content=\"es_ES\" \/>\n<meta property=\"og:type\" content=\"article\" \/>\n<meta property=\"og:title\" content=\"Dr. Octavio Rojas particip\u00f3 en Di\u00e1logos UdeC \u201cEl rol de la ciencia en el parlamento\u201d - LARRS\" \/>\n<meta property=\"og:description\" content=\"En el contexto del proyecto de ley de Protecci\u00f3n de humedales urbanos, el Dr. Rojas expuso en el primer Di\u00e1logo UdeC, sobre el rol de los humedales y los desastres (inundaciones fluviales). Adem\u00e1s, el encuentro reuni\u00f3 a la docente de la Facultad de Arquitectura, Urbanismo y Geograf\u00eda de la Universidad de Concepci\u00f3n e investigadora del ...\" \/>\n<meta property=\"og:url\" content=\"https:\/\/larrs.cl\/sitio\/dr-octavio-rojas-participo-en-dialogos-udec-el-rol-de-la-ciencia-en-el-parlamento\/\" \/>\n<meta property=\"og:site_name\" content=\"LARRS\" \/>\n<meta property=\"article:published_time\" content=\"2018-08-01T11:41:36+00:00\" \/>\n<meta property=\"article:modified_time\" content=\"2019-02-28T11:44:01+00:00\" \/>\n<meta property=\"og:image\" content=\"https:\/\/larrs.cl\/sitio\/wp-content\/uploads\/2019\/02\/Captura-de-pantalla-2019-02-28-a-las-08.42.37.png\" \/>\n\t<meta property=\"og:image:width\" content=\"613\" \/>\n\t<meta property=\"og:image:height\" content=\"457\" \/>\n\t<meta property=\"og:image:type\" content=\"image\/png\" \/>\n<meta name=\"author\" content=\"admin\" \/>\n<meta name=\"twitter:card\" content=\"summary_large_image\" \/>\n<meta name=\"twitter:label1\" content=\"Escrito por\" \/>\n\t<meta name=\"twitter:data1\" content=\"admin\" \/>\n\t<meta name=\"twitter:label2\" content=\"Tiempo de lectura\" \/>\n\t<meta name=\"twitter:data2\" content=\"1 minuto\" \/>\n<script type=\"application\/ld+json\" class=\"yoast-schema-graph\">{\"@context\":\"https:\\\/\\\/schema.org\",\"@graph\":[{\"@type\":\"Article\",\"@id\":\"https:\\\/\\\/larrs.cl\\\/sitio\\\/dr-octavio-rojas-participo-en-dialogos-udec-el-rol-de-la-ciencia-en-el-parlamento\\\/#article\",\"isPartOf\":{\"@id\":\"https:\\\/\\\/larrs.cl\\\/sitio\\\/dr-octavio-rojas-participo-en-dialogos-udec-el-rol-de-la-ciencia-en-el-parlamento\\\/\"},\"author\":{\"name\":\"admin\",\"@id\":\"https:\\\/\\\/larrs.cl\\\/sitio\\\/#\\\/schema\\\/person\\\/837b08b7675ec5b986c78e507a9d7eab\"},\"headline\":\"Dr. Octavio Rojas particip\u00f3 en Di\u00e1logos UdeC \u201cEl rol de la ciencia en el parlamento\u201d\",\"datePublished\":\"2018-08-01T11:41:36+00:00\",\"dateModified\":\"2019-02-28T11:44:01+00:00\",\"mainEntityOfPage\":{\"@id\":\"https:\\\/\\\/larrs.cl\\\/sitio\\\/dr-octavio-rojas-participo-en-dialogos-udec-el-rol-de-la-ciencia-en-el-parlamento\\\/\"},\"wordCount\":291,\"image\":{\"@id\":\"https:\\\/\\\/larrs.cl\\\/sitio\\\/dr-octavio-rojas-participo-en-dialogos-udec-el-rol-de-la-ciencia-en-el-parlamento\\\/#primaryimage\"},\"thumbnailUrl\":\"https:\\\/\\\/larrs.cl\\\/sitio\\\/wp-content\\\/uploads\\\/2019\\\/02\\\/Captura-de-pantalla-2019-02-28-a-las-08.42.37.png\",\"articleSection\":[\"Noticias\"],\"inLanguage\":\"es\"},{\"@type\":\"WebPage\",\"@id\":\"https:\\\/\\\/larrs.cl\\\/sitio\\\/dr-octavio-rojas-participo-en-dialogos-udec-el-rol-de-la-ciencia-en-el-parlamento\\\/\",\"url\":\"https:\\\/\\\/larrs.cl\\\/sitio\\\/dr-octavio-rojas-participo-en-dialogos-udec-el-rol-de-la-ciencia-en-el-parlamento\\\/\",\"name\":\"Dr. Octavio Rojas particip\u00f3 en Di\u00e1logos UdeC \u201cEl rol de la ciencia en el parlamento\u201d - LARRS\",\"isPartOf\":{\"@id\":\"https:\\\/\\\/larrs.cl\\\/sitio\\\/#website\"},\"primaryImageOfPage\":{\"@id\":\"https:\\\/\\\/larrs.cl\\\/sitio\\\/dr-octavio-rojas-participo-en-dialogos-udec-el-rol-de-la-ciencia-en-el-parlamento\\\/#primaryimage\"},\"image\":{\"@id\":\"https:\\\/\\\/larrs.cl\\\/sitio\\\/dr-octavio-rojas-participo-en-dialogos-udec-el-rol-de-la-ciencia-en-el-parlamento\\\/#primaryimage\"},\"thumbnailUrl\":\"https:\\\/\\\/larrs.cl\\\/sitio\\\/wp-content\\\/uploads\\\/2019\\\/02\\\/Captura-de-pantalla-2019-02-28-a-las-08.42.37.png\",\"datePublished\":\"2018-08-01T11:41:36+00:00\",\"dateModified\":\"2019-02-28T11:44:01+00:00\",\"author\":{\"@id\":\"https:\\\/\\\/larrs.cl\\\/sitio\\\/#\\\/schema\\\/person\\\/837b08b7675ec5b986c78e507a9d7eab\"},\"breadcrumb\":{\"@id\":\"https:\\\/\\\/larrs.cl\\\/sitio\\\/dr-octavio-rojas-participo-en-dialogos-udec-el-rol-de-la-ciencia-en-el-parlamento\\\/#breadcrumb\"},\"inLanguage\":\"es\",\"potentialAction\":[{\"@type\":\"ReadAction\",\"target\":[\"https:\\\/\\\/larrs.cl\\\/sitio\\\/dr-octavio-rojas-participo-en-dialogos-udec-el-rol-de-la-ciencia-en-el-parlamento\\\/\"]}]},{\"@type\":\"ImageObject\",\"inLanguage\":\"es\",\"@id\":\"https:\\\/\\\/larrs.cl\\\/sitio\\\/dr-octavio-rojas-participo-en-dialogos-udec-el-rol-de-la-ciencia-en-el-parlamento\\\/#primaryimage\",\"url\":\"https:\\\/\\\/larrs.cl\\\/sitio\\\/wp-content\\\/uploads\\\/2019\\\/02\\\/Captura-de-pantalla-2019-02-28-a-las-08.42.37.png\",\"contentUrl\":\"https:\\\/\\\/larrs.cl\\\/sitio\\\/wp-content\\\/uploads\\\/2019\\\/02\\\/Captura-de-pantalla-2019-02-28-a-las-08.42.37.png\",\"width\":613,\"height\":457},{\"@type\":\"BreadcrumbList\",\"@id\":\"https:\\\/\\\/larrs.cl\\\/sitio\\\/dr-octavio-rojas-participo-en-dialogos-udec-el-rol-de-la-ciencia-en-el-parlamento\\\/#breadcrumb\",\"itemListElement\":[{\"@type\":\"ListItem\",\"position\":1,\"name\":\"Portada\",\"item\":\"https:\\\/\\\/larrs.cl\\\/sitio\\\/\"},{\"@type\":\"ListItem\",\"position\":2,\"name\":\"Dr. Octavio Rojas particip\u00f3 en Di\u00e1logos UdeC \u201cEl rol de la ciencia en el parlamento\u201d\"}]},{\"@type\":\"WebSite\",\"@id\":\"https:\\\/\\\/larrs.cl\\\/sitio\\\/#website\",\"url\":\"https:\\\/\\\/larrs.cl\\\/sitio\\\/\",\"name\":\"LARRS\",\"description\":\"Reducci\u00f3n de riesgos socionaturales\",\"potentialAction\":[{\"@type\":\"SearchAction\",\"target\":{\"@type\":\"EntryPoint\",\"urlTemplate\":\"https:\\\/\\\/larrs.cl\\\/sitio\\\/?s={search_term_string}\"},\"query-input\":{\"@type\":\"PropertyValueSpecification\",\"valueRequired\":true,\"valueName\":\"search_term_string\"}}],\"inLanguage\":\"es\"},{\"@type\":\"Person\",\"@id\":\"https:\\\/\\\/larrs.cl\\\/sitio\\\/#\\\/schema\\\/person\\\/837b08b7675ec5b986c78e507a9d7eab\",\"name\":\"admin\",\"image\":{\"@type\":\"ImageObject\",\"inLanguage\":\"es\",\"@id\":\"https:\\\/\\\/secure.gravatar.com\\\/avatar\\\/c9dde314e3c67ff341ce287da192e368ecf364bedf96023a05d2e0996863f767?s=96&d=mm&r=g\",\"url\":\"https:\\\/\\\/secure.gravatar.com\\\/avatar\\\/c9dde314e3c67ff341ce287da192e368ecf364bedf96023a05d2e0996863f767?s=96&d=mm&r=g\",\"contentUrl\":\"https:\\\/\\\/secure.gravatar.com\\\/avatar\\\/c9dde314e3c67ff341ce287da192e368ecf364bedf96023a05d2e0996863f767?s=96&d=mm&r=g\",\"caption\":\"admin\"},\"url\":\"https:\\\/\\\/larrs.cl\\\/sitio\\\/author\\\/admin\\\/\"}]}<\/script>\n<!-- \/ Yoast SEO plugin. -->","yoast_head_json":{"title":"Dr. Octavio Rojas particip\u00f3 en Di\u00e1logos UdeC \u201cEl rol de la ciencia en el parlamento\u201d - LARRS","robots":{"index":"index","follow":"follow","max-snippet":"max-snippet:-1","max-image-preview":"max-image-preview:large","max-video-preview":"max-video-preview:-1"},"canonical":"https:\/\/larrs.cl\/sitio\/dr-octavio-rojas-participo-en-dialogos-udec-el-rol-de-la-ciencia-en-el-parlamento\/","og_locale":"es_ES","og_type":"article","og_title":"Dr. Octavio Rojas particip\u00f3 en Di\u00e1logos UdeC \u201cEl rol de la ciencia en el parlamento\u201d - LARRS","og_description":"En el contexto del proyecto de ley de Protecci\u00f3n de humedales urbanos, el Dr. Rojas expuso en el primer Di\u00e1logo UdeC, sobre el rol de los humedales y los desastres (inundaciones fluviales). Adem\u00e1s, el encuentro reuni\u00f3 a la docente de la Facultad de Arquitectura, Urbanismo y Geograf\u00eda de la Universidad de Concepci\u00f3n e investigadora del ...","og_url":"https:\/\/larrs.cl\/sitio\/dr-octavio-rojas-participo-en-dialogos-udec-el-rol-de-la-ciencia-en-el-parlamento\/","og_site_name":"LARRS","article_published_time":"2018-08-01T11:41:36+00:00","article_modified_time":"2019-02-28T11:44:01+00:00","og_image":[{"width":613,"height":457,"url":"https:\/\/larrs.cl\/sitio\/wp-content\/uploads\/2019\/02\/Captura-de-pantalla-2019-02-28-a-las-08.42.37.png","type":"image\/png"}],"author":"admin","twitter_card":"summary_large_image","twitter_misc":{"Escrito por":"admin","Tiempo de lectura":"1 minuto"},"schema":{"@context":"https:\/\/schema.org","@graph":[{"@type":"Article","@id":"https:\/\/larrs.cl\/sitio\/dr-octavio-rojas-participo-en-dialogos-udec-el-rol-de-la-ciencia-en-el-parlamento\/#article","isPartOf":{"@id":"https:\/\/larrs.cl\/sitio\/dr-octavio-rojas-participo-en-dialogos-udec-el-rol-de-la-ciencia-en-el-parlamento\/"},"author":{"name":"admin","@id":"https:\/\/larrs.cl\/sitio\/#\/schema\/person\/837b08b7675ec5b986c78e507a9d7eab"},"headline":"Dr. Octavio Rojas particip\u00f3 en Di\u00e1logos UdeC \u201cEl rol de la ciencia en el parlamento\u201d","datePublished":"2018-08-01T11:41:36+00:00","dateModified":"2019-02-28T11:44:01+00:00","mainEntityOfPage":{"@id":"https:\/\/larrs.cl\/sitio\/dr-octavio-rojas-participo-en-dialogos-udec-el-rol-de-la-ciencia-en-el-parlamento\/"},"wordCount":291,"image":{"@id":"https:\/\/larrs.cl\/sitio\/dr-octavio-rojas-participo-en-dialogos-udec-el-rol-de-la-ciencia-en-el-parlamento\/#primaryimage"},"thumbnailUrl":"https:\/\/larrs.cl\/sitio\/wp-content\/uploads\/2019\/02\/Captura-de-pantalla-2019-02-28-a-las-08.42.37.png","articleSection":["Noticias"],"inLanguage":"es"},{"@type":"WebPage","@id":"https:\/\/larrs.cl\/sitio\/dr-octavio-rojas-participo-en-dialogos-udec-el-rol-de-la-ciencia-en-el-parlamento\/","url":"https:\/\/larrs.cl\/sitio\/dr-octavio-rojas-participo-en-dialogos-udec-el-rol-de-la-ciencia-en-el-parlamento\/","name":"Dr. Octavio Rojas particip\u00f3 en Di\u00e1logos UdeC \u201cEl rol de la ciencia en el parlamento\u201d - LARRS","isPartOf":{"@id":"https:\/\/larrs.cl\/sitio\/#website"},"primaryImageOfPage":{"@id":"https:\/\/larrs.cl\/sitio\/dr-octavio-rojas-participo-en-dialogos-udec-el-rol-de-la-ciencia-en-el-parlamento\/#primaryimage"},"image":{"@id":"https:\/\/larrs.cl\/sitio\/dr-octavio-rojas-participo-en-dialogos-udec-el-rol-de-la-ciencia-en-el-parlamento\/#primaryimage"},"thumbnailUrl":"https:\/\/larrs.cl\/sitio\/wp-content\/uploads\/2019\/02\/Captura-de-pantalla-2019-02-28-a-las-08.42.37.png","datePublished":"2018-08-01T11:41:36+00:00","dateModified":"2019-02-28T11:44:01+00:00","author":{"@id":"https:\/\/larrs.cl\/sitio\/#\/schema\/person\/837b08b7675ec5b986c78e507a9d7eab"},"breadcrumb":{"@id":"https:\/\/larrs.cl\/sitio\/dr-octavio-rojas-participo-en-dialogos-udec-el-rol-de-la-ciencia-en-el-parlamento\/#breadcrumb"},"inLanguage":"es","potentialAction":[{"@type":"ReadAction","target":["https:\/\/larrs.cl\/sitio\/dr-octavio-rojas-participo-en-dialogos-udec-el-rol-de-la-ciencia-en-el-parlamento\/"]}]},{"@type":"ImageObject","inLanguage":"es","@id":"https:\/\/larrs.cl\/sitio\/dr-octavio-rojas-participo-en-dialogos-udec-el-rol-de-la-ciencia-en-el-parlamento\/#primaryimage","url":"https:\/\/larrs.cl\/sitio\/wp-content\/uploads\/2019\/02\/Captura-de-pantalla-2019-02-28-a-las-08.42.37.png","contentUrl":"https:\/\/larrs.cl\/sitio\/wp-content\/uploads\/2019\/02\/Captura-de-pantalla-2019-02-28-a-las-08.42.37.png","width":613,"height":457},{"@type":"BreadcrumbList","@id":"https:\/\/larrs.cl\/sitio\/dr-octavio-rojas-participo-en-dialogos-udec-el-rol-de-la-ciencia-en-el-parlamento\/#breadcrumb","itemListElement":[{"@type":"ListItem","position":1,"name":"Portada","item":"https:\/\/larrs.cl\/sitio\/"},{"@type":"ListItem","position":2,"name":"Dr. Octavio Rojas particip\u00f3 en Di\u00e1logos UdeC \u201cEl rol de la ciencia en el parlamento\u201d"}]},{"@type":"WebSite","@id":"https:\/\/larrs.cl\/sitio\/#website","url":"https:\/\/larrs.cl\/sitio\/","name":"LARRS","description":"Reducci\u00f3n de riesgos socionaturales","potentialAction":[{"@type":"SearchAction","target":{"@type":"EntryPoint","urlTemplate":"https:\/\/larrs.cl\/sitio\/?s={search_term_string}"},"query-input":{"@type":"PropertyValueSpecification","valueRequired":true,"valueName":"search_term_string"}}],"inLanguage":"es"},{"@type":"Person","@id":"https:\/\/larrs.cl\/sitio\/#\/schema\/person\/837b08b7675ec5b986c78e507a9d7eab","name":"admin","image":{"@type":"ImageObject","inLanguage":"es","@id":"https:\/\/secure.gravatar.com\/avatar\/c9dde314e3c67ff341ce287da192e368ecf364bedf96023a05d2e0996863f767?s=96&d=mm&r=g","url":"https:\/\/secure.gravatar.com\/avatar\/c9dde314e3c67ff341ce287da192e368ecf364bedf96023a05d2e0996863f767?s=96&d=mm&r=g","contentUrl":"https:\/\/secure.gravatar.com\/avatar\/c9dde314e3c67ff341ce287da192e368ecf364bedf96023a05d2e0996863f767?s=96&d=mm&r=g","caption":"admin"},"url":"https:\/\/larrs.cl\/sitio\/author\/admin\/"}]}},"_links":{"self":[{"href":"https:\/\/larrs.cl\/sitio\/wp-json\/wp\/v2\/posts\/1274","targetHints":{"allow":["GET"]}}],"collection":[{"href":"https:\/\/larrs.cl\/sitio\/wp-json\/wp\/v2\/posts"}],"about":[{"href":"https:\/\/larrs.cl\/sitio\/wp-json\/wp\/v2\/types\/post"}],"author":[{"embeddable":true,"href":"https:\/\/larrs.cl\/sitio\/wp-json\/wp\/v2\/users\/1"}],"replies":[{"embeddable":true,"href":"https:\/\/larrs.cl\/sitio\/wp-json\/wp\/v2\/comments?post=1274"}],"version-history":[{"count":1,"href":"https:\/\/larrs.cl\/sitio\/wp-json\/wp\/v2\/posts\/1274\/revisions"}],"predecessor-version":[{"id":1276,"href":"https:\/\/larrs.cl\/sitio\/wp-json\/wp\/v2\/posts\/1274\/revisions\/1276"}],"wp:featuredmedia":[{"embeddable":true,"href":"https:\/\/larrs.cl\/sitio\/wp-json\/wp\/v2\/media\/1275"}],"wp:attachment":[{"href":"https:\/\/larrs.cl\/sitio\/wp-json\/wp\/v2\/media?parent=1274"}],"wp:term":[{"taxonomy":"category","embeddable":true,"href":"https:\/\/larrs.cl\/sitio\/wp-json\/wp\/v2\/categories?post=1274"},{"taxonomy":"post_tag","embeddable":true,"href":"https:\/\/larrs.cl\/sitio\/wp-json\/wp\/v2\/tags?post=1274"}],"curies":[{"name":"wp","href":"https:\/\/api.w.org\/{rel}","templated":true}]}}