{"id":1260,"date":"2018-11-12T14:48:01","date_gmt":"2018-11-12T14:48:01","guid":{"rendered":"https:\/\/larrs.cl\/sitio\/?p=1260"},"modified":"2019-02-05T14:49:40","modified_gmt":"2019-02-05T14:49:40","slug":"dr-rojas-realiza-charla-en-colegio-de-coyhaique-en-el-marco-del-programa-explora","status":"publish","type":"post","link":"https:\/\/larrs.cl\/sitio\/dr-rojas-realiza-charla-en-colegio-de-coyhaique-en-el-marco-del-programa-explora\/","title":{"rendered":"Dr. Rojas realiza charla en colegio de Coyhaique en el marco del programa Explora"},"content":{"rendered":"<p style=\"text-align: justify;\">En el contexto del programa Explora de CONICYT 1000 cient\u00edficos 1000 aulas, se present\u00f3 en el establecimiento Josefina Aguirre en la ciudad de Coyhaique la charla \u00bfPor qu\u00e9 nos inundamos?, dirigida a estudiantes de segundo medio. El Dr. Rojas puntualiz\u00f3 sobre la necesidad de trasmitir el conocimiento generado en proyectos FONDECYT a la comunidad, especialmente a estudiantes de los diferentes niveles del sistema escolar.<\/p>\n<p style=\"text-align: justify;\">La actividad fue realizada en el contexto de la visita del acad\u00e9mico a la zona, con el objeto de establecer v\u00ednculos de colaboraci\u00f3n para investigaci\u00f3n cient\u00edfica con acad\u00e9micos de la Universidad de Ays\u00e9n en tem\u00e1ticas de an\u00e1lisis de riesgos y desastres.<\/p>\n<p style=\"text-align: justify;\">Charla Establecimiento Josefina Aguirre (Coyhaique)<\/p>\n<p><img loading=\"lazy\" class=\"aligncenter size-full wp-image-1261\" src=\"https:\/\/larrs.cl\/sitio\/wp-content\/uploads\/2019\/02\/Captura-de-pantalla-2019-02-05-a-las-11.48.28.png\" alt=\"\" width=\"632\" height=\"469\" srcset=\"https:\/\/larrs.cl\/sitio\/wp-content\/uploads\/2019\/02\/Captura-de-pantalla-2019-02-05-a-las-11.48.28.png 632w, https:\/\/larrs.cl\/sitio\/wp-content\/uploads\/2019\/02\/Captura-de-pantalla-2019-02-05-a-las-11.48.28-300x223.png 300w\" sizes=\"(max-width: 632px) 100vw, 632px\" \/><\/p>\n","protected":false},"excerpt":{"rendered":"<p>En el contexto del programa Explora de CONICYT 1000 cient\u00edficos 1000 aulas, se present\u00f3 en el establecimiento Josefina Aguirre en la ciudad de Coyhaique la charla \u00bfPor qu\u00e9 nos inundamos?, dirigida a estudiantes de segundo medio. El Dr. Rojas puntualiz\u00f3 sobre la necesidad de trasmitir el conocimiento generado en proyectos FONDECYT a la comunidad, especialmente &#8230;<\/p>\n","protected":false},"author":1,"featured_media":1261,"comment_status":"closed","ping_status":"closed","sticky":false,"template":"","format":"standard","meta":{"_links_to":"","_links_to_target":""},"categories":[26],"tags":[],"yoast_head":"<!-- This site is optimized with the Yoast SEO plugin v17.1 - https:\/\/yoast.com\/wordpress\/plugins\/seo\/ -->\n<title>Dr. Rojas realiza charla en colegio de Coyhaique en el marco del programa Explora - LARRS<\/title>\n<meta name=\"robots\" content=\"index, follow, max-snippet:-1, max-image-preview:large, max-video-preview:-1\" \/>\n<link rel=\"canonical\" href=\"https:\/\/larrs.cl\/sitio\/dr-rojas-realiza-charla-en-colegio-de-coyhaique-en-el-marco-del-programa-explora\/\" \/>\n<meta property=\"og:locale\" content=\"es_ES\" \/>\n<meta property=\"og:type\" content=\"article\" \/>\n<meta property=\"og:title\" content=\"Dr. Rojas realiza charla en colegio de Coyhaique en el marco del programa Explora - LARRS\" \/>\n<meta property=\"og:description\" content=\"En el contexto del programa Explora de CONICYT 1000 cient\u00edficos 1000 aulas, se present\u00f3 en el establecimiento Josefina Aguirre en la ciudad de Coyhaique la charla \u00bfPor qu\u00e9 nos inundamos?, dirigida a estudiantes de segundo medio. El Dr. Rojas puntualiz\u00f3 sobre la necesidad de trasmitir el conocimiento generado en proyectos FONDECYT a la comunidad, especialmente ...\" \/>\n<meta property=\"og:url\" content=\"https:\/\/larrs.cl\/sitio\/dr-rojas-realiza-charla-en-colegio-de-coyhaique-en-el-marco-del-programa-explora\/\" \/>\n<meta property=\"og:site_name\" content=\"LARRS\" \/>\n<meta property=\"article:published_time\" content=\"2018-11-12T14:48:01+00:00\" \/>\n<meta property=\"article:modified_time\" content=\"2019-02-05T14:49:40+00:00\" \/>\n<meta property=\"og:image\" content=\"https:\/\/larrs.cl\/sitio\/wp-content\/uploads\/2019\/02\/Captura-de-pantalla-2019-02-05-a-las-11.48.28.png\" \/>\n\t<meta property=\"og:image:width\" content=\"632\" \/>\n\t<meta property=\"og:image:height\" content=\"469\" \/>\n<meta name=\"twitter:card\" content=\"summary_large_image\" \/>\n<meta name=\"twitter:label1\" content=\"Escrito por\" \/>\n\t<meta name=\"twitter:data1\" content=\"admin\" \/>\n\t<meta name=\"twitter:label2\" content=\"Tiempo de lectura\" \/>\n\t<meta name=\"twitter:data2\" content=\"1 minuto\" \/>\n<script type=\"application\/ld+json\" class=\"yoast-schema-graph\">{\"@context\":\"https:\/\/schema.org\",\"@graph\":[{\"@type\":\"WebSite\",\"@id\":\"https:\/\/larrs.cl\/sitio\/#website\",\"url\":\"https:\/\/larrs.cl\/sitio\/\",\"name\":\"LARRS\",\"description\":\"Reducci\\u00f3n de riesgos socionaturales\",\"potentialAction\":[{\"@type\":\"SearchAction\",\"target\":{\"@type\":\"EntryPoint\",\"urlTemplate\":\"https:\/\/larrs.cl\/sitio\/?s={search_term_string}\"},\"query-input\":\"required name=search_term_string\"}],\"inLanguage\":\"es\"},{\"@type\":\"ImageObject\",\"@id\":\"https:\/\/larrs.cl\/sitio\/dr-rojas-realiza-charla-en-colegio-de-coyhaique-en-el-marco-del-programa-explora\/#primaryimage\",\"inLanguage\":\"es\",\"url\":\"https:\/\/larrs.cl\/sitio\/wp-content\/uploads\/2019\/02\/Captura-de-pantalla-2019-02-05-a-las-11.48.28.png\",\"contentUrl\":\"https:\/\/larrs.cl\/sitio\/wp-content\/uploads\/2019\/02\/Captura-de-pantalla-2019-02-05-a-las-11.48.28.png\",\"width\":632,\"height\":469},{\"@type\":\"WebPage\",\"@id\":\"https:\/\/larrs.cl\/sitio\/dr-rojas-realiza-charla-en-colegio-de-coyhaique-en-el-marco-del-programa-explora\/#webpage\",\"url\":\"https:\/\/larrs.cl\/sitio\/dr-rojas-realiza-charla-en-colegio-de-coyhaique-en-el-marco-del-programa-explora\/\",\"name\":\"Dr. Rojas realiza charla en colegio de Coyhaique en el marco del programa Explora - LARRS\",\"isPartOf\":{\"@id\":\"https:\/\/larrs.cl\/sitio\/#website\"},\"primaryImageOfPage\":{\"@id\":\"https:\/\/larrs.cl\/sitio\/dr-rojas-realiza-charla-en-colegio-de-coyhaique-en-el-marco-del-programa-explora\/#primaryimage\"},\"datePublished\":\"2018-11-12T14:48:01+00:00\",\"dateModified\":\"2019-02-05T14:49:40+00:00\",\"author\":{\"@id\":\"https:\/\/larrs.cl\/sitio\/#\/schema\/person\/837b08b7675ec5b986c78e507a9d7eab\"},\"breadcrumb\":{\"@id\":\"https:\/\/larrs.cl\/sitio\/dr-rojas-realiza-charla-en-colegio-de-coyhaique-en-el-marco-del-programa-explora\/#breadcrumb\"},\"inLanguage\":\"es\",\"potentialAction\":[{\"@type\":\"ReadAction\",\"target\":[\"https:\/\/larrs.cl\/sitio\/dr-rojas-realiza-charla-en-colegio-de-coyhaique-en-el-marco-del-programa-explora\/\"]}]},{\"@type\":\"BreadcrumbList\",\"@id\":\"https:\/\/larrs.cl\/sitio\/dr-rojas-realiza-charla-en-colegio-de-coyhaique-en-el-marco-del-programa-explora\/#breadcrumb\",\"itemListElement\":[{\"@type\":\"ListItem\",\"position\":1,\"name\":\"Portada\",\"item\":\"https:\/\/larrs.cl\/sitio\/\"},{\"@type\":\"ListItem\",\"position\":2,\"name\":\"Dr. Rojas realiza charla en colegio de Coyhaique en el marco del programa Explora\"}]},{\"@type\":\"Person\",\"@id\":\"https:\/\/larrs.cl\/sitio\/#\/schema\/person\/837b08b7675ec5b986c78e507a9d7eab\",\"name\":\"admin\",\"image\":{\"@type\":\"ImageObject\",\"@id\":\"https:\/\/larrs.cl\/sitio\/#personlogo\",\"inLanguage\":\"es\",\"url\":\"https:\/\/secure.gravatar.com\/avatar\/355f8f7c7b740e3f319037f77b2dccbe?s=96&d=mm&r=g\",\"contentUrl\":\"https:\/\/secure.gravatar.com\/avatar\/355f8f7c7b740e3f319037f77b2dccbe?s=96&d=mm&r=g\",\"caption\":\"admin\"},\"url\":\"https:\/\/larrs.cl\/sitio\/author\/admin\/\"}]}<\/script>\n<!-- \/ Yoast SEO plugin. -->","yoast_head_json":{"title":"Dr. Rojas realiza charla en colegio de Coyhaique en el marco del programa Explora - LARRS","robots":{"index":"index","follow":"follow","max-snippet":"max-snippet:-1","max-image-preview":"max-image-preview:large","max-video-preview":"max-video-preview:-1"},"canonical":"https:\/\/larrs.cl\/sitio\/dr-rojas-realiza-charla-en-colegio-de-coyhaique-en-el-marco-del-programa-explora\/","og_locale":"es_ES","og_type":"article","og_title":"Dr. Rojas realiza charla en colegio de Coyhaique en el marco del programa Explora - LARRS","og_description":"En el contexto del programa Explora de CONICYT 1000 cient\u00edficos 1000 aulas, se present\u00f3 en el establecimiento Josefina Aguirre en la ciudad de Coyhaique la charla \u00bfPor qu\u00e9 nos inundamos?, dirigida a estudiantes de segundo medio. El Dr. Rojas puntualiz\u00f3 sobre la necesidad de trasmitir el conocimiento generado en proyectos FONDECYT a la comunidad, especialmente ...","og_url":"https:\/\/larrs.cl\/sitio\/dr-rojas-realiza-charla-en-colegio-de-coyhaique-en-el-marco-del-programa-explora\/","og_site_name":"LARRS","article_published_time":"2018-11-12T14:48:01+00:00","article_modified_time":"2019-02-05T14:49:40+00:00","og_image":[{"width":632,"height":469,"url":"https:\/\/larrs.cl\/sitio\/wp-content\/uploads\/2019\/02\/Captura-de-pantalla-2019-02-05-a-las-11.48.28.png","path":"\/home\/larrs\/public_html\/sitio\/wp-content\/uploads\/2019\/02\/Captura-de-pantalla-2019-02-05-a-las-11.48.28.png","size":"full","id":1261,"alt":"","pixels":296408,"type":"image\/png"}],"twitter_card":"summary_large_image","twitter_misc":{"Escrito por":"admin","Tiempo de lectura":"1 minuto"},"schema":{"@context":"https:\/\/schema.org","@graph":[{"@type":"WebSite","@id":"https:\/\/larrs.cl\/sitio\/#website","url":"https:\/\/larrs.cl\/sitio\/","name":"LARRS","description":"Reducci\u00f3n de riesgos socionaturales","potentialAction":[{"@type":"SearchAction","target":{"@type":"EntryPoint","urlTemplate":"https:\/\/larrs.cl\/sitio\/?s={search_term_string}"},"query-input":"required name=search_term_string"}],"inLanguage":"es"},{"@type":"ImageObject","@id":"https:\/\/larrs.cl\/sitio\/dr-rojas-realiza-charla-en-colegio-de-coyhaique-en-el-marco-del-programa-explora\/#primaryimage","inLanguage":"es","url":"https:\/\/larrs.cl\/sitio\/wp-content\/uploads\/2019\/02\/Captura-de-pantalla-2019-02-05-a-las-11.48.28.png","contentUrl":"https:\/\/larrs.cl\/sitio\/wp-content\/uploads\/2019\/02\/Captura-de-pantalla-2019-02-05-a-las-11.48.28.png","width":632,"height":469},{"@type":"WebPage","@id":"https:\/\/larrs.cl\/sitio\/dr-rojas-realiza-charla-en-colegio-de-coyhaique-en-el-marco-del-programa-explora\/#webpage","url":"https:\/\/larrs.cl\/sitio\/dr-rojas-realiza-charla-en-colegio-de-coyhaique-en-el-marco-del-programa-explora\/","name":"Dr. Rojas realiza charla en colegio de Coyhaique en el marco del programa Explora - LARRS","isPartOf":{"@id":"https:\/\/larrs.cl\/sitio\/#website"},"primaryImageOfPage":{"@id":"https:\/\/larrs.cl\/sitio\/dr-rojas-realiza-charla-en-colegio-de-coyhaique-en-el-marco-del-programa-explora\/#primaryimage"},"datePublished":"2018-11-12T14:48:01+00:00","dateModified":"2019-02-05T14:49:40+00:00","author":{"@id":"https:\/\/larrs.cl\/sitio\/#\/schema\/person\/837b08b7675ec5b986c78e507a9d7eab"},"breadcrumb":{"@id":"https:\/\/larrs.cl\/sitio\/dr-rojas-realiza-charla-en-colegio-de-coyhaique-en-el-marco-del-programa-explora\/#breadcrumb"},"inLanguage":"es","potentialAction":[{"@type":"ReadAction","target":["https:\/\/larrs.cl\/sitio\/dr-rojas-realiza-charla-en-colegio-de-coyhaique-en-el-marco-del-programa-explora\/"]}]},{"@type":"BreadcrumbList","@id":"https:\/\/larrs.cl\/sitio\/dr-rojas-realiza-charla-en-colegio-de-coyhaique-en-el-marco-del-programa-explora\/#breadcrumb","itemListElement":[{"@type":"ListItem","position":1,"name":"Portada","item":"https:\/\/larrs.cl\/sitio\/"},{"@type":"ListItem","position":2,"name":"Dr. Rojas realiza charla en colegio de Coyhaique en el marco del programa Explora"}]},{"@type":"Person","@id":"https:\/\/larrs.cl\/sitio\/#\/schema\/person\/837b08b7675ec5b986c78e507a9d7eab","name":"admin","image":{"@type":"ImageObject","@id":"https:\/\/larrs.cl\/sitio\/#personlogo","inLanguage":"es","url":"https:\/\/secure.gravatar.com\/avatar\/355f8f7c7b740e3f319037f77b2dccbe?s=96&d=mm&r=g","contentUrl":"https:\/\/secure.gravatar.com\/avatar\/355f8f7c7b740e3f319037f77b2dccbe?s=96&d=mm&r=g","caption":"admin"},"url":"https:\/\/larrs.cl\/sitio\/author\/admin\/"}]}},"_links":{"self":[{"href":"https:\/\/larrs.cl\/sitio\/wp-json\/wp\/v2\/posts\/1260"}],"collection":[{"href":"https:\/\/larrs.cl\/sitio\/wp-json\/wp\/v2\/posts"}],"about":[{"href":"https:\/\/larrs.cl\/sitio\/wp-json\/wp\/v2\/types\/post"}],"author":[{"embeddable":true,"href":"https:\/\/larrs.cl\/sitio\/wp-json\/wp\/v2\/users\/1"}],"replies":[{"embeddable":true,"href":"https:\/\/larrs.cl\/sitio\/wp-json\/wp\/v2\/comments?post=1260"}],"version-history":[{"count":1,"href":"https:\/\/larrs.cl\/sitio\/wp-json\/wp\/v2\/posts\/1260\/revisions"}],"predecessor-version":[{"id":1262,"href":"https:\/\/larrs.cl\/sitio\/wp-json\/wp\/v2\/posts\/1260\/revisions\/1262"}],"wp:featuredmedia":[{"embeddable":true,"href":"https:\/\/larrs.cl\/sitio\/wp-json\/wp\/v2\/media\/1261"}],"wp:attachment":[{"href":"https:\/\/larrs.cl\/sitio\/wp-json\/wp\/v2\/media?parent=1260"}],"wp:term":[{"taxonomy":"category","embeddable":true,"href":"https:\/\/larrs.cl\/sitio\/wp-json\/wp\/v2\/categories?post=1260"},{"taxonomy":"post_tag","embeddable":true,"href":"https:\/\/larrs.cl\/sitio\/wp-json\/wp\/v2\/tags?post=1260"}],"curies":[{"name":"wp","href":"https:\/\/api.w.org\/{rel}","templated":true}]}}