{"id":1249,"date":"2018-12-12T23:25:53","date_gmt":"2018-12-12T23:25:53","guid":{"rendered":"https:\/\/larrs.cl\/sitio\/?p=1249"},"modified":"2019-01-29T23:30:03","modified_gmt":"2019-01-29T23:30:03","slug":"larrs-eula-realizan-seminario-de-cierre-del-estudio-de-riesgos-para-san-pedro-de-la-paz","status":"publish","type":"post","link":"https:\/\/larrs.cl\/sitio\/larrs-eula-realizan-seminario-de-cierre-del-estudio-de-riesgos-para-san-pedro-de-la-paz\/","title":{"rendered":"LARRS-EULA realizan seminario de cierre del estudio de riesgos para San Pedro de la Paz"},"content":{"rendered":"<p style=\"text-align: justify;\">En el Sal\u00f3n Azul del Colegio Concepci\u00f3n se realiz\u00f3 el seminario de Presentaci\u00f3n de resultado del proyecto\u00a0 <strong>ACTUALIZACI\u00d3N DEL ESTUDIO DE RIESGOS NATURALES Y ANTR\u00d3PICOS SAN PEDRO LA PAZ <\/strong>realizado por LARRS-EULA para la municipalidad de San Pedro de la Paz. Se trata de un trabajo, desarrollado por encargo de la Municipalidad de San Pedro de la Paz y financiado por la Subsecretar\u00eda de Desarrollo Regional y Administrativo (SUBDERE), que permite actualizar las caracter\u00edsticas de los distintos tipos de riesgos que podr\u00edan afectar a esa comuna, ya sean naturales o generados por la acci\u00f3n del ser humano.<\/p>\n<p style=\"text-align: justify;\">Los resultados del trabajo fueron entregados a trav\u00e9s de un seminario que, adem\u00e1s de representantes de diferentes instancias sociales, p\u00fablicas y vecinales, cont\u00f3 con la participaci\u00f3n del alcalde de San Pedro de la Paz, Audito Retamal, y el subdirector del Centro EULA, Dr. Alberto Araneda. Durante la jornada los investigadores que participaron en el estudio expusieron las distintas \u00e1reas que se abordaron, y adem\u00e1s se desarroll\u00f3 un conversatorio que permiti\u00f3 responder inquietudes y dudas de los asistentes.<\/p>\n<p style=\"text-align: justify;\">Desde el equipo de investigaci\u00f3n, el Dr. Octavio Rojas, sub-director del estudio, explic\u00f3 que \u201ces muy importante actualizar estos estudios para mejorar permanentemente la gesti\u00f3n del riesgo y la planificaci\u00f3n de los territorios. Este proceso ha contado con mucha participaci\u00f3n de la comunidad en sus diferentes etapas, y presentar los resultados de este trabajo apunta tambi\u00e9n a potenciar el conocimiento para afrontar cada uno de los riesgos, que fue obtenido mediante el trabajo colaborativo de un equipo numeroso de investigadores\u201d.<\/p>\n<p style=\"text-align: justify;\">El doctor en Ciencias Ambientales agreg\u00f3 que ahora se espera que el municipio incorpore este estudio al Plan Regulador Comunal, y adicionalmente se transforme en un insumo relevante para el municipio y la comunidad.<\/p>\n<p style=\"text-align: justify;\">Sobre esto \u00faltimo, el alcalde sampedrino, Audito Retamal, afirm\u00f3 que \u201clos resultados del estudio nos permiten elaborar un Plan de Gesti\u00f3n de Riesgos Naturales y Antr\u00f3picos, para definir c\u00f3mo enfrentar cat\u00e1strofes naturales y accidentes importantes. As\u00ed vamos a contar con informaci\u00f3n objetiva, que nos va a ayudar a tomar mejores decisiones en situaciones donde es clave elegir de manera sumamente informada\u201d.<\/p>\n<p style=\"text-align: justify;\">Fuente: <a href=\"http:\/\/sanpedrodelapaz.cl\/2018\/12\/eula-entrego-nuevo-estudio-de-riesgo-antropicos-y-naturales-de-san-pedro-de-la-paz\/\">http:\/\/sanpedrodelapaz.cl\/2018\/12\/eula-entrego-nuevo-estudio-de-riesgo-antropicos-y-naturales-de-san-pedro-de-la-paz\/<\/a><\/p>\n<p><img loading=\"lazy\" decoding=\"async\" class=\"aligncenter size-full wp-image-1252\" src=\"https:\/\/larrs.cl\/sitio\/wp-content\/uploads\/2018\/12\/Captura-de-pantalla-2019-01-29-a-las-20.27.01.png\" alt=\"\" width=\"878\" height=\"517\" srcset=\"https:\/\/larrs.cl\/sitio\/wp-content\/uploads\/2018\/12\/Captura-de-pantalla-2019-01-29-a-las-20.27.01.png 878w, https:\/\/larrs.cl\/sitio\/wp-content\/uploads\/2018\/12\/Captura-de-pantalla-2019-01-29-a-las-20.27.01-300x177.png 300w, https:\/\/larrs.cl\/sitio\/wp-content\/uploads\/2018\/12\/Captura-de-pantalla-2019-01-29-a-las-20.27.01-768x452.png 768w\" sizes=\"auto, (max-width: 878px) 100vw, 878px\" \/><\/p>\n<p><img loading=\"lazy\" decoding=\"async\" class=\"aligncenter size-full wp-image-1254\" src=\"https:\/\/larrs.cl\/sitio\/wp-content\/uploads\/2018\/12\/Captura-de-pantalla-2019-01-29-a-las-20.28.31.png\" alt=\"\" width=\"873\" height=\"522\" srcset=\"https:\/\/larrs.cl\/sitio\/wp-content\/uploads\/2018\/12\/Captura-de-pantalla-2019-01-29-a-las-20.28.31.png 873w, https:\/\/larrs.cl\/sitio\/wp-content\/uploads\/2018\/12\/Captura-de-pantalla-2019-01-29-a-las-20.28.31-300x179.png 300w, https:\/\/larrs.cl\/sitio\/wp-content\/uploads\/2018\/12\/Captura-de-pantalla-2019-01-29-a-las-20.28.31-768x459.png 768w\" sizes=\"auto, (max-width: 873px) 100vw, 873px\" \/><\/p>\n","protected":false},"excerpt":{"rendered":"<p>En el Sal\u00f3n Azul del Colegio Concepci\u00f3n se realiz\u00f3 el seminario de Presentaci\u00f3n de resultado del proyecto\u00a0 ACTUALIZACI\u00d3N DEL ESTUDIO DE RIESGOS NATURALES Y ANTR\u00d3PICOS SAN PEDRO LA PAZ realizado por LARRS-EULA para la municipalidad de San Pedro de la Paz. Se trata de un trabajo, desarrollado por encargo de la Municipalidad de San Pedro &#8230;<\/p>\n","protected":false},"author":1,"featured_media":1250,"comment_status":"closed","ping_status":"closed","sticky":false,"template":"","format":"standard","meta":{"footnotes":"","_links_to":"","_links_to_target":""},"categories":[26],"tags":[],"class_list":["post-1249","post","type-post","status-publish","format-standard","has-post-thumbnail","hentry","category-noticias"],"yoast_head":"<!-- This site is optimized with the Yoast SEO plugin v27.5 - https:\/\/yoast.com\/product\/yoast-seo-wordpress\/ -->\n<title>LARRS-EULA realizan seminario de cierre del estudio de riesgos para San Pedro de la Paz - LARRS<\/title>\n<meta name=\"robots\" content=\"index, follow, max-snippet:-1, max-image-preview:large, max-video-preview:-1\" \/>\n<link rel=\"canonical\" href=\"https:\/\/larrs.cl\/sitio\/larrs-eula-realizan-seminario-de-cierre-del-estudio-de-riesgos-para-san-pedro-de-la-paz\/\" \/>\n<meta property=\"og:locale\" content=\"es_ES\" \/>\n<meta property=\"og:type\" content=\"article\" \/>\n<meta property=\"og:title\" content=\"LARRS-EULA realizan seminario de cierre del estudio de riesgos para San Pedro de la Paz - LARRS\" \/>\n<meta property=\"og:description\" content=\"En el Sal\u00f3n Azul del Colegio Concepci\u00f3n se realiz\u00f3 el seminario de Presentaci\u00f3n de resultado del proyecto\u00a0 ACTUALIZACI\u00d3N DEL ESTUDIO DE RIESGOS NATURALES Y ANTR\u00d3PICOS SAN PEDRO LA PAZ realizado por LARRS-EULA para la municipalidad de San Pedro de la Paz. Se trata de un trabajo, desarrollado por encargo de la Municipalidad de San Pedro ...\" \/>\n<meta property=\"og:url\" content=\"https:\/\/larrs.cl\/sitio\/larrs-eula-realizan-seminario-de-cierre-del-estudio-de-riesgos-para-san-pedro-de-la-paz\/\" \/>\n<meta property=\"og:site_name\" content=\"LARRS\" \/>\n<meta property=\"article:published_time\" content=\"2018-12-12T23:25:53+00:00\" \/>\n<meta property=\"article:modified_time\" content=\"2019-01-29T23:30:03+00:00\" \/>\n<meta property=\"og:image\" content=\"https:\/\/larrs.cl\/sitio\/wp-content\/uploads\/2019\/01\/Captura-de-pantalla-2019-01-29-a-las-20.27.01.png\" \/>\n\t<meta property=\"og:image:width\" content=\"878\" \/>\n\t<meta property=\"og:image:height\" content=\"517\" \/>\n\t<meta property=\"og:image:type\" content=\"image\/png\" \/>\n<meta name=\"author\" content=\"admin\" \/>\n<meta name=\"twitter:card\" content=\"summary_large_image\" \/>\n<meta name=\"twitter:label1\" content=\"Escrito por\" \/>\n\t<meta name=\"twitter:data1\" content=\"admin\" \/>\n\t<meta name=\"twitter:label2\" content=\"Tiempo de lectura\" \/>\n\t<meta name=\"twitter:data2\" content=\"2 minutos\" \/>\n<script type=\"application\/ld+json\" class=\"yoast-schema-graph\">{\"@context\":\"https:\\\/\\\/schema.org\",\"@graph\":[{\"@type\":\"Article\",\"@id\":\"https:\\\/\\\/larrs.cl\\\/sitio\\\/larrs-eula-realizan-seminario-de-cierre-del-estudio-de-riesgos-para-san-pedro-de-la-paz\\\/#article\",\"isPartOf\":{\"@id\":\"https:\\\/\\\/larrs.cl\\\/sitio\\\/larrs-eula-realizan-seminario-de-cierre-del-estudio-de-riesgos-para-san-pedro-de-la-paz\\\/\"},\"author\":{\"name\":\"admin\",\"@id\":\"https:\\\/\\\/larrs.cl\\\/sitio\\\/#\\\/schema\\\/person\\\/837b08b7675ec5b986c78e507a9d7eab\"},\"headline\":\"LARRS-EULA realizan seminario de cierre del estudio de riesgos para San Pedro de la Paz\",\"datePublished\":\"2018-12-12T23:25:53+00:00\",\"dateModified\":\"2019-01-29T23:30:03+00:00\",\"mainEntityOfPage\":{\"@id\":\"https:\\\/\\\/larrs.cl\\\/sitio\\\/larrs-eula-realizan-seminario-de-cierre-del-estudio-de-riesgos-para-san-pedro-de-la-paz\\\/\"},\"wordCount\":393,\"image\":{\"@id\":\"https:\\\/\\\/larrs.cl\\\/sitio\\\/larrs-eula-realizan-seminario-de-cierre-del-estudio-de-riesgos-para-san-pedro-de-la-paz\\\/#primaryimage\"},\"thumbnailUrl\":\"https:\\\/\\\/larrs.cl\\\/sitio\\\/wp-content\\\/uploads\\\/2019\\\/01\\\/Captura-de-pantalla-2019-01-29-a-las-20.27.01.png\",\"articleSection\":[\"Noticias\"],\"inLanguage\":\"es\"},{\"@type\":\"WebPage\",\"@id\":\"https:\\\/\\\/larrs.cl\\\/sitio\\\/larrs-eula-realizan-seminario-de-cierre-del-estudio-de-riesgos-para-san-pedro-de-la-paz\\\/\",\"url\":\"https:\\\/\\\/larrs.cl\\\/sitio\\\/larrs-eula-realizan-seminario-de-cierre-del-estudio-de-riesgos-para-san-pedro-de-la-paz\\\/\",\"name\":\"LARRS-EULA realizan seminario de cierre del estudio de riesgos para San Pedro de la Paz - LARRS\",\"isPartOf\":{\"@id\":\"https:\\\/\\\/larrs.cl\\\/sitio\\\/#website\"},\"primaryImageOfPage\":{\"@id\":\"https:\\\/\\\/larrs.cl\\\/sitio\\\/larrs-eula-realizan-seminario-de-cierre-del-estudio-de-riesgos-para-san-pedro-de-la-paz\\\/#primaryimage\"},\"image\":{\"@id\":\"https:\\\/\\\/larrs.cl\\\/sitio\\\/larrs-eula-realizan-seminario-de-cierre-del-estudio-de-riesgos-para-san-pedro-de-la-paz\\\/#primaryimage\"},\"thumbnailUrl\":\"https:\\\/\\\/larrs.cl\\\/sitio\\\/wp-content\\\/uploads\\\/2019\\\/01\\\/Captura-de-pantalla-2019-01-29-a-las-20.27.01.png\",\"datePublished\":\"2018-12-12T23:25:53+00:00\",\"dateModified\":\"2019-01-29T23:30:03+00:00\",\"author\":{\"@id\":\"https:\\\/\\\/larrs.cl\\\/sitio\\\/#\\\/schema\\\/person\\\/837b08b7675ec5b986c78e507a9d7eab\"},\"breadcrumb\":{\"@id\":\"https:\\\/\\\/larrs.cl\\\/sitio\\\/larrs-eula-realizan-seminario-de-cierre-del-estudio-de-riesgos-para-san-pedro-de-la-paz\\\/#breadcrumb\"},\"inLanguage\":\"es\",\"potentialAction\":[{\"@type\":\"ReadAction\",\"target\":[\"https:\\\/\\\/larrs.cl\\\/sitio\\\/larrs-eula-realizan-seminario-de-cierre-del-estudio-de-riesgos-para-san-pedro-de-la-paz\\\/\"]}]},{\"@type\":\"ImageObject\",\"inLanguage\":\"es\",\"@id\":\"https:\\\/\\\/larrs.cl\\\/sitio\\\/larrs-eula-realizan-seminario-de-cierre-del-estudio-de-riesgos-para-san-pedro-de-la-paz\\\/#primaryimage\",\"url\":\"https:\\\/\\\/larrs.cl\\\/sitio\\\/wp-content\\\/uploads\\\/2019\\\/01\\\/Captura-de-pantalla-2019-01-29-a-las-20.27.01.png\",\"contentUrl\":\"https:\\\/\\\/larrs.cl\\\/sitio\\\/wp-content\\\/uploads\\\/2019\\\/01\\\/Captura-de-pantalla-2019-01-29-a-las-20.27.01.png\",\"width\":878,\"height\":517},{\"@type\":\"BreadcrumbList\",\"@id\":\"https:\\\/\\\/larrs.cl\\\/sitio\\\/larrs-eula-realizan-seminario-de-cierre-del-estudio-de-riesgos-para-san-pedro-de-la-paz\\\/#breadcrumb\",\"itemListElement\":[{\"@type\":\"ListItem\",\"position\":1,\"name\":\"Portada\",\"item\":\"https:\\\/\\\/larrs.cl\\\/sitio\\\/\"},{\"@type\":\"ListItem\",\"position\":2,\"name\":\"LARRS-EULA realizan seminario de cierre del estudio de riesgos para San Pedro de la Paz\"}]},{\"@type\":\"WebSite\",\"@id\":\"https:\\\/\\\/larrs.cl\\\/sitio\\\/#website\",\"url\":\"https:\\\/\\\/larrs.cl\\\/sitio\\\/\",\"name\":\"LARRS\",\"description\":\"Reducci\u00f3n de riesgos socionaturales\",\"potentialAction\":[{\"@type\":\"SearchAction\",\"target\":{\"@type\":\"EntryPoint\",\"urlTemplate\":\"https:\\\/\\\/larrs.cl\\\/sitio\\\/?s={search_term_string}\"},\"query-input\":{\"@type\":\"PropertyValueSpecification\",\"valueRequired\":true,\"valueName\":\"search_term_string\"}}],\"inLanguage\":\"es\"},{\"@type\":\"Person\",\"@id\":\"https:\\\/\\\/larrs.cl\\\/sitio\\\/#\\\/schema\\\/person\\\/837b08b7675ec5b986c78e507a9d7eab\",\"name\":\"admin\",\"image\":{\"@type\":\"ImageObject\",\"inLanguage\":\"es\",\"@id\":\"https:\\\/\\\/secure.gravatar.com\\\/avatar\\\/c9dde314e3c67ff341ce287da192e368ecf364bedf96023a05d2e0996863f767?s=96&d=mm&r=g\",\"url\":\"https:\\\/\\\/secure.gravatar.com\\\/avatar\\\/c9dde314e3c67ff341ce287da192e368ecf364bedf96023a05d2e0996863f767?s=96&d=mm&r=g\",\"contentUrl\":\"https:\\\/\\\/secure.gravatar.com\\\/avatar\\\/c9dde314e3c67ff341ce287da192e368ecf364bedf96023a05d2e0996863f767?s=96&d=mm&r=g\",\"caption\":\"admin\"},\"url\":\"https:\\\/\\\/larrs.cl\\\/sitio\\\/author\\\/admin\\\/\"}]}<\/script>\n<!-- \/ Yoast SEO plugin. -->","yoast_head_json":{"title":"LARRS-EULA realizan seminario de cierre del estudio de riesgos para San Pedro de la Paz - LARRS","robots":{"index":"index","follow":"follow","max-snippet":"max-snippet:-1","max-image-preview":"max-image-preview:large","max-video-preview":"max-video-preview:-1"},"canonical":"https:\/\/larrs.cl\/sitio\/larrs-eula-realizan-seminario-de-cierre-del-estudio-de-riesgos-para-san-pedro-de-la-paz\/","og_locale":"es_ES","og_type":"article","og_title":"LARRS-EULA realizan seminario de cierre del estudio de riesgos para San Pedro de la Paz - LARRS","og_description":"En el Sal\u00f3n Azul del Colegio Concepci\u00f3n se realiz\u00f3 el seminario de Presentaci\u00f3n de resultado del proyecto\u00a0 ACTUALIZACI\u00d3N DEL ESTUDIO DE RIESGOS NATURALES Y ANTR\u00d3PICOS SAN PEDRO LA PAZ realizado por LARRS-EULA para la municipalidad de San Pedro de la Paz. Se trata de un trabajo, desarrollado por encargo de la Municipalidad de San Pedro ...","og_url":"https:\/\/larrs.cl\/sitio\/larrs-eula-realizan-seminario-de-cierre-del-estudio-de-riesgos-para-san-pedro-de-la-paz\/","og_site_name":"LARRS","article_published_time":"2018-12-12T23:25:53+00:00","article_modified_time":"2019-01-29T23:30:03+00:00","og_image":[{"width":878,"height":517,"url":"https:\/\/larrs.cl\/sitio\/wp-content\/uploads\/2019\/01\/Captura-de-pantalla-2019-01-29-a-las-20.27.01.png","type":"image\/png"}],"author":"admin","twitter_card":"summary_large_image","twitter_misc":{"Escrito por":"admin","Tiempo de lectura":"2 minutos"},"schema":{"@context":"https:\/\/schema.org","@graph":[{"@type":"Article","@id":"https:\/\/larrs.cl\/sitio\/larrs-eula-realizan-seminario-de-cierre-del-estudio-de-riesgos-para-san-pedro-de-la-paz\/#article","isPartOf":{"@id":"https:\/\/larrs.cl\/sitio\/larrs-eula-realizan-seminario-de-cierre-del-estudio-de-riesgos-para-san-pedro-de-la-paz\/"},"author":{"name":"admin","@id":"https:\/\/larrs.cl\/sitio\/#\/schema\/person\/837b08b7675ec5b986c78e507a9d7eab"},"headline":"LARRS-EULA realizan seminario de cierre del estudio de riesgos para San Pedro de la Paz","datePublished":"2018-12-12T23:25:53+00:00","dateModified":"2019-01-29T23:30:03+00:00","mainEntityOfPage":{"@id":"https:\/\/larrs.cl\/sitio\/larrs-eula-realizan-seminario-de-cierre-del-estudio-de-riesgos-para-san-pedro-de-la-paz\/"},"wordCount":393,"image":{"@id":"https:\/\/larrs.cl\/sitio\/larrs-eula-realizan-seminario-de-cierre-del-estudio-de-riesgos-para-san-pedro-de-la-paz\/#primaryimage"},"thumbnailUrl":"https:\/\/larrs.cl\/sitio\/wp-content\/uploads\/2019\/01\/Captura-de-pantalla-2019-01-29-a-las-20.27.01.png","articleSection":["Noticias"],"inLanguage":"es"},{"@type":"WebPage","@id":"https:\/\/larrs.cl\/sitio\/larrs-eula-realizan-seminario-de-cierre-del-estudio-de-riesgos-para-san-pedro-de-la-paz\/","url":"https:\/\/larrs.cl\/sitio\/larrs-eula-realizan-seminario-de-cierre-del-estudio-de-riesgos-para-san-pedro-de-la-paz\/","name":"LARRS-EULA realizan seminario de cierre del estudio de riesgos para San Pedro de la Paz - LARRS","isPartOf":{"@id":"https:\/\/larrs.cl\/sitio\/#website"},"primaryImageOfPage":{"@id":"https:\/\/larrs.cl\/sitio\/larrs-eula-realizan-seminario-de-cierre-del-estudio-de-riesgos-para-san-pedro-de-la-paz\/#primaryimage"},"image":{"@id":"https:\/\/larrs.cl\/sitio\/larrs-eula-realizan-seminario-de-cierre-del-estudio-de-riesgos-para-san-pedro-de-la-paz\/#primaryimage"},"thumbnailUrl":"https:\/\/larrs.cl\/sitio\/wp-content\/uploads\/2019\/01\/Captura-de-pantalla-2019-01-29-a-las-20.27.01.png","datePublished":"2018-12-12T23:25:53+00:00","dateModified":"2019-01-29T23:30:03+00:00","author":{"@id":"https:\/\/larrs.cl\/sitio\/#\/schema\/person\/837b08b7675ec5b986c78e507a9d7eab"},"breadcrumb":{"@id":"https:\/\/larrs.cl\/sitio\/larrs-eula-realizan-seminario-de-cierre-del-estudio-de-riesgos-para-san-pedro-de-la-paz\/#breadcrumb"},"inLanguage":"es","potentialAction":[{"@type":"ReadAction","target":["https:\/\/larrs.cl\/sitio\/larrs-eula-realizan-seminario-de-cierre-del-estudio-de-riesgos-para-san-pedro-de-la-paz\/"]}]},{"@type":"ImageObject","inLanguage":"es","@id":"https:\/\/larrs.cl\/sitio\/larrs-eula-realizan-seminario-de-cierre-del-estudio-de-riesgos-para-san-pedro-de-la-paz\/#primaryimage","url":"https:\/\/larrs.cl\/sitio\/wp-content\/uploads\/2019\/01\/Captura-de-pantalla-2019-01-29-a-las-20.27.01.png","contentUrl":"https:\/\/larrs.cl\/sitio\/wp-content\/uploads\/2019\/01\/Captura-de-pantalla-2019-01-29-a-las-20.27.01.png","width":878,"height":517},{"@type":"BreadcrumbList","@id":"https:\/\/larrs.cl\/sitio\/larrs-eula-realizan-seminario-de-cierre-del-estudio-de-riesgos-para-san-pedro-de-la-paz\/#breadcrumb","itemListElement":[{"@type":"ListItem","position":1,"name":"Portada","item":"https:\/\/larrs.cl\/sitio\/"},{"@type":"ListItem","position":2,"name":"LARRS-EULA realizan seminario de cierre del estudio de riesgos para San Pedro de la Paz"}]},{"@type":"WebSite","@id":"https:\/\/larrs.cl\/sitio\/#website","url":"https:\/\/larrs.cl\/sitio\/","name":"LARRS","description":"Reducci\u00f3n de riesgos socionaturales","potentialAction":[{"@type":"SearchAction","target":{"@type":"EntryPoint","urlTemplate":"https:\/\/larrs.cl\/sitio\/?s={search_term_string}"},"query-input":{"@type":"PropertyValueSpecification","valueRequired":true,"valueName":"search_term_string"}}],"inLanguage":"es"},{"@type":"Person","@id":"https:\/\/larrs.cl\/sitio\/#\/schema\/person\/837b08b7675ec5b986c78e507a9d7eab","name":"admin","image":{"@type":"ImageObject","inLanguage":"es","@id":"https:\/\/secure.gravatar.com\/avatar\/c9dde314e3c67ff341ce287da192e368ecf364bedf96023a05d2e0996863f767?s=96&d=mm&r=g","url":"https:\/\/secure.gravatar.com\/avatar\/c9dde314e3c67ff341ce287da192e368ecf364bedf96023a05d2e0996863f767?s=96&d=mm&r=g","contentUrl":"https:\/\/secure.gravatar.com\/avatar\/c9dde314e3c67ff341ce287da192e368ecf364bedf96023a05d2e0996863f767?s=96&d=mm&r=g","caption":"admin"},"url":"https:\/\/larrs.cl\/sitio\/author\/admin\/"}]}},"_links":{"self":[{"href":"https:\/\/larrs.cl\/sitio\/wp-json\/wp\/v2\/posts\/1249","targetHints":{"allow":["GET"]}}],"collection":[{"href":"https:\/\/larrs.cl\/sitio\/wp-json\/wp\/v2\/posts"}],"about":[{"href":"https:\/\/larrs.cl\/sitio\/wp-json\/wp\/v2\/types\/post"}],"author":[{"embeddable":true,"href":"https:\/\/larrs.cl\/sitio\/wp-json\/wp\/v2\/users\/1"}],"replies":[{"embeddable":true,"href":"https:\/\/larrs.cl\/sitio\/wp-json\/wp\/v2\/comments?post=1249"}],"version-history":[{"count":3,"href":"https:\/\/larrs.cl\/sitio\/wp-json\/wp\/v2\/posts\/1249\/revisions"}],"predecessor-version":[{"id":1255,"href":"https:\/\/larrs.cl\/sitio\/wp-json\/wp\/v2\/posts\/1249\/revisions\/1255"}],"wp:featuredmedia":[{"embeddable":true,"href":"https:\/\/larrs.cl\/sitio\/wp-json\/wp\/v2\/media\/1250"}],"wp:attachment":[{"href":"https:\/\/larrs.cl\/sitio\/wp-json\/wp\/v2\/media?parent=1249"}],"wp:term":[{"taxonomy":"category","embeddable":true,"href":"https:\/\/larrs.cl\/sitio\/wp-json\/wp\/v2\/categories?post=1249"},{"taxonomy":"post_tag","embeddable":true,"href":"https:\/\/larrs.cl\/sitio\/wp-json\/wp\/v2\/tags?post=1249"}],"curies":[{"name":"wp","href":"https:\/\/api.w.org\/{rel}","templated":true}]}}