{"id":1206,"date":"2018-07-23T14:32:20","date_gmt":"2018-07-23T14:32:20","guid":{"rendered":"https:\/\/larrs.cl\/sitio\/?p=1206"},"modified":"2018-08-11T21:55:38","modified_gmt":"2018-08-11T21:55:38","slug":"centro-eula-chile-e-i-municipalidad-de-penco-dan-inicio-al-estudio-plan-de-accion-municipal-frente-a-incendios-forestales","status":"publish","type":"post","link":"https:\/\/larrs.cl\/sitio\/centro-eula-chile-e-i-municipalidad-de-penco-dan-inicio-al-estudio-plan-de-accion-municipal-frente-a-incendios-forestales\/","title":{"rendered":"Centro EULA-CHILE e I. Municipalidad de Penco dan inicio al estudio \u201cPlan de Acci\u00f3n Municipal frente a Incendios Forestales\u201d"},"content":{"rendered":"<p style=\"text-align: justify;\">Considerando la existencia de altos niveles de riesgo asociados al peligro de incendios forestales en la comuna, cuya manifestaci\u00f3n m\u00e1s destacable se produjo durante la denominada \u201cTormenta de Fuego\u201d experimentada en Enero y Febrero de 2017 (la que arraso con m\u00e1s del 30% de la superficie total comunal), es que se pretende dar cuenta de la creaci\u00f3n de un instrumento de gesti\u00f3n que permita minimizar los efectos asociados a eventos de esta naturaleza en la comuna.<\/p>\n<p style=\"text-align: justify;\">Por este motivo, se realiz\u00f3 en dependencias de la Ilustre Municipalidad de Penco, la reuni\u00f3n de inicio del proyecto \u201cPlan de Acci\u00f3n Municipal frente a Incendios Forestales\u201d, con la presencia del equipo municipal y del centro EULA-Chile. El estudio tiene como principal objetivo promover iniciativas espec\u00edficas de; inversi\u00f3n, planificaci\u00f3n y\/o gesti\u00f3n del riesgo de desastre por incendio forestal, orientadas a la coordinaci\u00f3n y colaboraci\u00f3n entre los diversos actores relevantes (ciudadan\u00eda, sectores p\u00fablico y privado), de la comuna de Penco, poniendo \u00e9nfasis en la poblaci\u00f3n localizada en zonas mayormente expuestas a incendios forestales.<\/p>\n<p style=\"text-align: justify;\">El trabajo se extender\u00e1 por 6 meses, y es dirigido por el Dr. Octavio Rojas, acad\u00e9mico del Departamento de Planificaci\u00f3n Territorial y Sistemas Urbanos de la Facultad de Ciencias Ambientales, y Centro de Ciencias Ambientales EULA-CHILE, quien adem\u00e1s lidera el Laboratorio de Reducci\u00f3n de Riesgos Socionaturales (LARRS), de la misma entidad, y desarrollado en conjunto por un equipo investigadores que colaboran en las actividades del laboratorio.<\/p>\n","protected":false},"excerpt":{"rendered":"<p>Considerando la existencia de altos niveles de riesgo asociados al peligro de incendios forestales en la comuna, cuya manifestaci\u00f3n m\u00e1s destacable se produjo durante la denominada \u201cTormenta de Fuego\u201d experimentada en Enero y Febrero de 2017 (la que arraso con m\u00e1s del 30% de la superficie total comunal), es que se pretende dar cuenta de &#8230;<\/p>\n","protected":false},"author":1,"featured_media":1207,"comment_status":"closed","ping_status":"closed","sticky":false,"template":"","format":"standard","meta":{"footnotes":"","_links_to":"","_links_to_target":""},"categories":[26],"tags":[],"class_list":["post-1206","post","type-post","status-publish","format-standard","has-post-thumbnail","hentry","category-noticias"],"yoast_head":"<!-- This site is optimized with the Yoast SEO plugin v27.5 - https:\/\/yoast.com\/product\/yoast-seo-wordpress\/ -->\n<title>Centro EULA-CHILE e I. Municipalidad de Penco dan inicio al estudio \u201cPlan de Acci\u00f3n Municipal frente a Incendios Forestales\u201d - LARRS<\/title>\n<meta name=\"robots\" content=\"index, follow, max-snippet:-1, max-image-preview:large, max-video-preview:-1\" \/>\n<link rel=\"canonical\" href=\"https:\/\/larrs.cl\/sitio\/centro-eula-chile-e-i-municipalidad-de-penco-dan-inicio-al-estudio-plan-de-accion-municipal-frente-a-incendios-forestales\/\" \/>\n<meta property=\"og:locale\" content=\"es_ES\" \/>\n<meta property=\"og:type\" content=\"article\" \/>\n<meta property=\"og:title\" content=\"Centro EULA-CHILE e I. Municipalidad de Penco dan inicio al estudio \u201cPlan de Acci\u00f3n Municipal frente a Incendios Forestales\u201d - LARRS\" \/>\n<meta property=\"og:description\" content=\"Considerando la existencia de altos niveles de riesgo asociados al peligro de incendios forestales en la comuna, cuya manifestaci\u00f3n m\u00e1s destacable se produjo durante la denominada \u201cTormenta de Fuego\u201d experimentada en Enero y Febrero de 2017 (la que arraso con m\u00e1s del 30% de la superficie total comunal), es que se pretende dar cuenta de ...\" \/>\n<meta property=\"og:url\" content=\"https:\/\/larrs.cl\/sitio\/centro-eula-chile-e-i-municipalidad-de-penco-dan-inicio-al-estudio-plan-de-accion-municipal-frente-a-incendios-forestales\/\" \/>\n<meta property=\"og:site_name\" content=\"LARRS\" \/>\n<meta property=\"article:published_time\" content=\"2018-07-23T14:32:20+00:00\" \/>\n<meta property=\"article:modified_time\" content=\"2018-08-11T21:55:38+00:00\" \/>\n<meta property=\"og:image\" content=\"https:\/\/larrs.cl\/sitio\/wp-content\/uploads\/2018\/07\/Sin-t\u00edtulo1-1.jpg\" \/>\n\t<meta property=\"og:image:width\" content=\"442\" \/>\n\t<meta property=\"og:image:height\" content=\"332\" \/>\n\t<meta property=\"og:image:type\" content=\"image\/jpeg\" \/>\n<meta name=\"author\" content=\"admin\" \/>\n<meta name=\"twitter:card\" content=\"summary_large_image\" \/>\n<meta name=\"twitter:label1\" content=\"Escrito por\" \/>\n\t<meta name=\"twitter:data1\" content=\"admin\" \/>\n\t<meta name=\"twitter:label2\" content=\"Tiempo de lectura\" \/>\n\t<meta name=\"twitter:data2\" content=\"1 minuto\" \/>\n<script type=\"application\/ld+json\" class=\"yoast-schema-graph\">{\"@context\":\"https:\\\/\\\/schema.org\",\"@graph\":[{\"@type\":\"Article\",\"@id\":\"https:\\\/\\\/larrs.cl\\\/sitio\\\/centro-eula-chile-e-i-municipalidad-de-penco-dan-inicio-al-estudio-plan-de-accion-municipal-frente-a-incendios-forestales\\\/#article\",\"isPartOf\":{\"@id\":\"https:\\\/\\\/larrs.cl\\\/sitio\\\/centro-eula-chile-e-i-municipalidad-de-penco-dan-inicio-al-estudio-plan-de-accion-municipal-frente-a-incendios-forestales\\\/\"},\"author\":{\"name\":\"admin\",\"@id\":\"https:\\\/\\\/larrs.cl\\\/sitio\\\/#\\\/schema\\\/person\\\/837b08b7675ec5b986c78e507a9d7eab\"},\"headline\":\"Centro EULA-CHILE e I. Municipalidad de Penco dan inicio al estudio \u201cPlan de Acci\u00f3n Municipal frente a Incendios Forestales\u201d\",\"datePublished\":\"2018-07-23T14:32:20+00:00\",\"dateModified\":\"2018-08-11T21:55:38+00:00\",\"mainEntityOfPage\":{\"@id\":\"https:\\\/\\\/larrs.cl\\\/sitio\\\/centro-eula-chile-e-i-municipalidad-de-penco-dan-inicio-al-estudio-plan-de-accion-municipal-frente-a-incendios-forestales\\\/\"},\"wordCount\":272,\"image\":{\"@id\":\"https:\\\/\\\/larrs.cl\\\/sitio\\\/centro-eula-chile-e-i-municipalidad-de-penco-dan-inicio-al-estudio-plan-de-accion-municipal-frente-a-incendios-forestales\\\/#primaryimage\"},\"thumbnailUrl\":\"https:\\\/\\\/larrs.cl\\\/sitio\\\/wp-content\\\/uploads\\\/2018\\\/07\\\/Sin-t\u00edtulo1-1.jpg\",\"articleSection\":[\"Noticias\"],\"inLanguage\":\"es\"},{\"@type\":\"WebPage\",\"@id\":\"https:\\\/\\\/larrs.cl\\\/sitio\\\/centro-eula-chile-e-i-municipalidad-de-penco-dan-inicio-al-estudio-plan-de-accion-municipal-frente-a-incendios-forestales\\\/\",\"url\":\"https:\\\/\\\/larrs.cl\\\/sitio\\\/centro-eula-chile-e-i-municipalidad-de-penco-dan-inicio-al-estudio-plan-de-accion-municipal-frente-a-incendios-forestales\\\/\",\"name\":\"Centro EULA-CHILE e I. Municipalidad de Penco dan inicio al estudio \u201cPlan de Acci\u00f3n Municipal frente a Incendios Forestales\u201d - LARRS\",\"isPartOf\":{\"@id\":\"https:\\\/\\\/larrs.cl\\\/sitio\\\/#website\"},\"primaryImageOfPage\":{\"@id\":\"https:\\\/\\\/larrs.cl\\\/sitio\\\/centro-eula-chile-e-i-municipalidad-de-penco-dan-inicio-al-estudio-plan-de-accion-municipal-frente-a-incendios-forestales\\\/#primaryimage\"},\"image\":{\"@id\":\"https:\\\/\\\/larrs.cl\\\/sitio\\\/centro-eula-chile-e-i-municipalidad-de-penco-dan-inicio-al-estudio-plan-de-accion-municipal-frente-a-incendios-forestales\\\/#primaryimage\"},\"thumbnailUrl\":\"https:\\\/\\\/larrs.cl\\\/sitio\\\/wp-content\\\/uploads\\\/2018\\\/07\\\/Sin-t\u00edtulo1-1.jpg\",\"datePublished\":\"2018-07-23T14:32:20+00:00\",\"dateModified\":\"2018-08-11T21:55:38+00:00\",\"author\":{\"@id\":\"https:\\\/\\\/larrs.cl\\\/sitio\\\/#\\\/schema\\\/person\\\/837b08b7675ec5b986c78e507a9d7eab\"},\"breadcrumb\":{\"@id\":\"https:\\\/\\\/larrs.cl\\\/sitio\\\/centro-eula-chile-e-i-municipalidad-de-penco-dan-inicio-al-estudio-plan-de-accion-municipal-frente-a-incendios-forestales\\\/#breadcrumb\"},\"inLanguage\":\"es\",\"potentialAction\":[{\"@type\":\"ReadAction\",\"target\":[\"https:\\\/\\\/larrs.cl\\\/sitio\\\/centro-eula-chile-e-i-municipalidad-de-penco-dan-inicio-al-estudio-plan-de-accion-municipal-frente-a-incendios-forestales\\\/\"]}]},{\"@type\":\"ImageObject\",\"inLanguage\":\"es\",\"@id\":\"https:\\\/\\\/larrs.cl\\\/sitio\\\/centro-eula-chile-e-i-municipalidad-de-penco-dan-inicio-al-estudio-plan-de-accion-municipal-frente-a-incendios-forestales\\\/#primaryimage\",\"url\":\"https:\\\/\\\/larrs.cl\\\/sitio\\\/wp-content\\\/uploads\\\/2018\\\/07\\\/Sin-t\u00edtulo1-1.jpg\",\"contentUrl\":\"https:\\\/\\\/larrs.cl\\\/sitio\\\/wp-content\\\/uploads\\\/2018\\\/07\\\/Sin-t\u00edtulo1-1.jpg\",\"width\":442,\"height\":332},{\"@type\":\"BreadcrumbList\",\"@id\":\"https:\\\/\\\/larrs.cl\\\/sitio\\\/centro-eula-chile-e-i-municipalidad-de-penco-dan-inicio-al-estudio-plan-de-accion-municipal-frente-a-incendios-forestales\\\/#breadcrumb\",\"itemListElement\":[{\"@type\":\"ListItem\",\"position\":1,\"name\":\"Portada\",\"item\":\"https:\\\/\\\/larrs.cl\\\/sitio\\\/\"},{\"@type\":\"ListItem\",\"position\":2,\"name\":\"Centro EULA-CHILE e I. Municipalidad de Penco dan inicio al estudio \u201cPlan de Acci\u00f3n Municipal frente a Incendios Forestales\u201d\"}]},{\"@type\":\"WebSite\",\"@id\":\"https:\\\/\\\/larrs.cl\\\/sitio\\\/#website\",\"url\":\"https:\\\/\\\/larrs.cl\\\/sitio\\\/\",\"name\":\"LARRS\",\"description\":\"Reducci\u00f3n de riesgos socionaturales\",\"potentialAction\":[{\"@type\":\"SearchAction\",\"target\":{\"@type\":\"EntryPoint\",\"urlTemplate\":\"https:\\\/\\\/larrs.cl\\\/sitio\\\/?s={search_term_string}\"},\"query-input\":{\"@type\":\"PropertyValueSpecification\",\"valueRequired\":true,\"valueName\":\"search_term_string\"}}],\"inLanguage\":\"es\"},{\"@type\":\"Person\",\"@id\":\"https:\\\/\\\/larrs.cl\\\/sitio\\\/#\\\/schema\\\/person\\\/837b08b7675ec5b986c78e507a9d7eab\",\"name\":\"admin\",\"image\":{\"@type\":\"ImageObject\",\"inLanguage\":\"es\",\"@id\":\"https:\\\/\\\/secure.gravatar.com\\\/avatar\\\/c9dde314e3c67ff341ce287da192e368ecf364bedf96023a05d2e0996863f767?s=96&d=mm&r=g\",\"url\":\"https:\\\/\\\/secure.gravatar.com\\\/avatar\\\/c9dde314e3c67ff341ce287da192e368ecf364bedf96023a05d2e0996863f767?s=96&d=mm&r=g\",\"contentUrl\":\"https:\\\/\\\/secure.gravatar.com\\\/avatar\\\/c9dde314e3c67ff341ce287da192e368ecf364bedf96023a05d2e0996863f767?s=96&d=mm&r=g\",\"caption\":\"admin\"},\"url\":\"https:\\\/\\\/larrs.cl\\\/sitio\\\/author\\\/admin\\\/\"}]}<\/script>\n<!-- \/ Yoast SEO plugin. -->","yoast_head_json":{"title":"Centro EULA-CHILE e I. Municipalidad de Penco dan inicio al estudio \u201cPlan de Acci\u00f3n Municipal frente a Incendios Forestales\u201d - LARRS","robots":{"index":"index","follow":"follow","max-snippet":"max-snippet:-1","max-image-preview":"max-image-preview:large","max-video-preview":"max-video-preview:-1"},"canonical":"https:\/\/larrs.cl\/sitio\/centro-eula-chile-e-i-municipalidad-de-penco-dan-inicio-al-estudio-plan-de-accion-municipal-frente-a-incendios-forestales\/","og_locale":"es_ES","og_type":"article","og_title":"Centro EULA-CHILE e I. Municipalidad de Penco dan inicio al estudio \u201cPlan de Acci\u00f3n Municipal frente a Incendios Forestales\u201d - LARRS","og_description":"Considerando la existencia de altos niveles de riesgo asociados al peligro de incendios forestales en la comuna, cuya manifestaci\u00f3n m\u00e1s destacable se produjo durante la denominada \u201cTormenta de Fuego\u201d experimentada en Enero y Febrero de 2017 (la que arraso con m\u00e1s del 30% de la superficie total comunal), es que se pretende dar cuenta de ...","og_url":"https:\/\/larrs.cl\/sitio\/centro-eula-chile-e-i-municipalidad-de-penco-dan-inicio-al-estudio-plan-de-accion-municipal-frente-a-incendios-forestales\/","og_site_name":"LARRS","article_published_time":"2018-07-23T14:32:20+00:00","article_modified_time":"2018-08-11T21:55:38+00:00","og_image":[{"width":442,"height":332,"url":"https:\/\/larrs.cl\/sitio\/wp-content\/uploads\/2018\/07\/Sin-t\u00edtulo1-1.jpg","type":"image\/jpeg"}],"author":"admin","twitter_card":"summary_large_image","twitter_misc":{"Escrito por":"admin","Tiempo de lectura":"1 minuto"},"schema":{"@context":"https:\/\/schema.org","@graph":[{"@type":"Article","@id":"https:\/\/larrs.cl\/sitio\/centro-eula-chile-e-i-municipalidad-de-penco-dan-inicio-al-estudio-plan-de-accion-municipal-frente-a-incendios-forestales\/#article","isPartOf":{"@id":"https:\/\/larrs.cl\/sitio\/centro-eula-chile-e-i-municipalidad-de-penco-dan-inicio-al-estudio-plan-de-accion-municipal-frente-a-incendios-forestales\/"},"author":{"name":"admin","@id":"https:\/\/larrs.cl\/sitio\/#\/schema\/person\/837b08b7675ec5b986c78e507a9d7eab"},"headline":"Centro EULA-CHILE e I. Municipalidad de Penco dan inicio al estudio \u201cPlan de Acci\u00f3n Municipal frente a Incendios Forestales\u201d","datePublished":"2018-07-23T14:32:20+00:00","dateModified":"2018-08-11T21:55:38+00:00","mainEntityOfPage":{"@id":"https:\/\/larrs.cl\/sitio\/centro-eula-chile-e-i-municipalidad-de-penco-dan-inicio-al-estudio-plan-de-accion-municipal-frente-a-incendios-forestales\/"},"wordCount":272,"image":{"@id":"https:\/\/larrs.cl\/sitio\/centro-eula-chile-e-i-municipalidad-de-penco-dan-inicio-al-estudio-plan-de-accion-municipal-frente-a-incendios-forestales\/#primaryimage"},"thumbnailUrl":"https:\/\/larrs.cl\/sitio\/wp-content\/uploads\/2018\/07\/Sin-t\u00edtulo1-1.jpg","articleSection":["Noticias"],"inLanguage":"es"},{"@type":"WebPage","@id":"https:\/\/larrs.cl\/sitio\/centro-eula-chile-e-i-municipalidad-de-penco-dan-inicio-al-estudio-plan-de-accion-municipal-frente-a-incendios-forestales\/","url":"https:\/\/larrs.cl\/sitio\/centro-eula-chile-e-i-municipalidad-de-penco-dan-inicio-al-estudio-plan-de-accion-municipal-frente-a-incendios-forestales\/","name":"Centro EULA-CHILE e I. Municipalidad de Penco dan inicio al estudio \u201cPlan de Acci\u00f3n Municipal frente a Incendios Forestales\u201d - LARRS","isPartOf":{"@id":"https:\/\/larrs.cl\/sitio\/#website"},"primaryImageOfPage":{"@id":"https:\/\/larrs.cl\/sitio\/centro-eula-chile-e-i-municipalidad-de-penco-dan-inicio-al-estudio-plan-de-accion-municipal-frente-a-incendios-forestales\/#primaryimage"},"image":{"@id":"https:\/\/larrs.cl\/sitio\/centro-eula-chile-e-i-municipalidad-de-penco-dan-inicio-al-estudio-plan-de-accion-municipal-frente-a-incendios-forestales\/#primaryimage"},"thumbnailUrl":"https:\/\/larrs.cl\/sitio\/wp-content\/uploads\/2018\/07\/Sin-t\u00edtulo1-1.jpg","datePublished":"2018-07-23T14:32:20+00:00","dateModified":"2018-08-11T21:55:38+00:00","author":{"@id":"https:\/\/larrs.cl\/sitio\/#\/schema\/person\/837b08b7675ec5b986c78e507a9d7eab"},"breadcrumb":{"@id":"https:\/\/larrs.cl\/sitio\/centro-eula-chile-e-i-municipalidad-de-penco-dan-inicio-al-estudio-plan-de-accion-municipal-frente-a-incendios-forestales\/#breadcrumb"},"inLanguage":"es","potentialAction":[{"@type":"ReadAction","target":["https:\/\/larrs.cl\/sitio\/centro-eula-chile-e-i-municipalidad-de-penco-dan-inicio-al-estudio-plan-de-accion-municipal-frente-a-incendios-forestales\/"]}]},{"@type":"ImageObject","inLanguage":"es","@id":"https:\/\/larrs.cl\/sitio\/centro-eula-chile-e-i-municipalidad-de-penco-dan-inicio-al-estudio-plan-de-accion-municipal-frente-a-incendios-forestales\/#primaryimage","url":"https:\/\/larrs.cl\/sitio\/wp-content\/uploads\/2018\/07\/Sin-t\u00edtulo1-1.jpg","contentUrl":"https:\/\/larrs.cl\/sitio\/wp-content\/uploads\/2018\/07\/Sin-t\u00edtulo1-1.jpg","width":442,"height":332},{"@type":"BreadcrumbList","@id":"https:\/\/larrs.cl\/sitio\/centro-eula-chile-e-i-municipalidad-de-penco-dan-inicio-al-estudio-plan-de-accion-municipal-frente-a-incendios-forestales\/#breadcrumb","itemListElement":[{"@type":"ListItem","position":1,"name":"Portada","item":"https:\/\/larrs.cl\/sitio\/"},{"@type":"ListItem","position":2,"name":"Centro EULA-CHILE e I. Municipalidad de Penco dan inicio al estudio \u201cPlan de Acci\u00f3n Municipal frente a Incendios Forestales\u201d"}]},{"@type":"WebSite","@id":"https:\/\/larrs.cl\/sitio\/#website","url":"https:\/\/larrs.cl\/sitio\/","name":"LARRS","description":"Reducci\u00f3n de riesgos socionaturales","potentialAction":[{"@type":"SearchAction","target":{"@type":"EntryPoint","urlTemplate":"https:\/\/larrs.cl\/sitio\/?s={search_term_string}"},"query-input":{"@type":"PropertyValueSpecification","valueRequired":true,"valueName":"search_term_string"}}],"inLanguage":"es"},{"@type":"Person","@id":"https:\/\/larrs.cl\/sitio\/#\/schema\/person\/837b08b7675ec5b986c78e507a9d7eab","name":"admin","image":{"@type":"ImageObject","inLanguage":"es","@id":"https:\/\/secure.gravatar.com\/avatar\/c9dde314e3c67ff341ce287da192e368ecf364bedf96023a05d2e0996863f767?s=96&d=mm&r=g","url":"https:\/\/secure.gravatar.com\/avatar\/c9dde314e3c67ff341ce287da192e368ecf364bedf96023a05d2e0996863f767?s=96&d=mm&r=g","contentUrl":"https:\/\/secure.gravatar.com\/avatar\/c9dde314e3c67ff341ce287da192e368ecf364bedf96023a05d2e0996863f767?s=96&d=mm&r=g","caption":"admin"},"url":"https:\/\/larrs.cl\/sitio\/author\/admin\/"}]}},"_links":{"self":[{"href":"https:\/\/larrs.cl\/sitio\/wp-json\/wp\/v2\/posts\/1206","targetHints":{"allow":["GET"]}}],"collection":[{"href":"https:\/\/larrs.cl\/sitio\/wp-json\/wp\/v2\/posts"}],"about":[{"href":"https:\/\/larrs.cl\/sitio\/wp-json\/wp\/v2\/types\/post"}],"author":[{"embeddable":true,"href":"https:\/\/larrs.cl\/sitio\/wp-json\/wp\/v2\/users\/1"}],"replies":[{"embeddable":true,"href":"https:\/\/larrs.cl\/sitio\/wp-json\/wp\/v2\/comments?post=1206"}],"version-history":[{"count":1,"href":"https:\/\/larrs.cl\/sitio\/wp-json\/wp\/v2\/posts\/1206\/revisions"}],"predecessor-version":[{"id":1208,"href":"https:\/\/larrs.cl\/sitio\/wp-json\/wp\/v2\/posts\/1206\/revisions\/1208"}],"wp:featuredmedia":[{"embeddable":true,"href":"https:\/\/larrs.cl\/sitio\/wp-json\/wp\/v2\/media\/1207"}],"wp:attachment":[{"href":"https:\/\/larrs.cl\/sitio\/wp-json\/wp\/v2\/media?parent=1206"}],"wp:term":[{"taxonomy":"category","embeddable":true,"href":"https:\/\/larrs.cl\/sitio\/wp-json\/wp\/v2\/categories?post=1206"},{"taxonomy":"post_tag","embeddable":true,"href":"https:\/\/larrs.cl\/sitio\/wp-json\/wp\/v2\/tags?post=1206"}],"curies":[{"name":"wp","href":"https:\/\/api.w.org\/{rel}","templated":true}]}}